{"id":61299,"date":"2024-11-28T14:42:41","date_gmt":"2024-11-28T20:42:41","guid":{"rendered":"https:\/\/encuentroinformativo.com.mx\/?p=61299"},"modified":"2024-11-28T14:42:47","modified_gmt":"2024-11-28T20:42:47","slug":"trasciende-presunta-renuncia-de-la-fiscal-veronica-hernandez","status":"publish","type":"post","link":"https:\/\/encuentroinformativo.com.mx\/?p=61299","title":{"rendered":"Trasciende presunta renuncia de la fiscal Ver\u00f3nica Hern\u00e1ndez"},"content":{"rendered":"\n<p><strong>Dar\u00edo Pale <\/strong><\/p>\n\n\n\n<p>Xalapa, Ver.- Ha trascendido que la fiscal general del Estado, Ver\u00f3nica Hern\u00e1ndez Giad\u00e1ns acudi\u00f3 al Congreso del Estado a presentar su renuncia, la cual ser\u00e1 efectiva a partir del pr\u00f3ximo s\u00e1bado 30 de noviembre.<\/p>\n\n\n\n<p>Se ha dado a conocer que el encargado del despacho, ser\u00e1 el diputado local Diego Casta\u00f1eda, quien solicitar\u00eda licencia al cargo, para asumir, primero como interino, y posteriormente como titular de la FGE, gracias a su cercan\u00eda con la pr\u00f3xima gobernadora Roc\u00edo Nahle Garc\u00eda.<\/p>\n\n\n\n<p>Esta decisi\u00f3n se toma, un d\u00eda despu\u00e9s, de que fue propuesto en el Congreso, por parte del diputado Diego Casta\u00f1eda, una iniciativa para someter a revisi\u00f3n la permanencia de la titular de la Fiscal\u00eda.<\/p>\n\n\n\n<p>Es el propio legislador, quien presuntamente ha dado a conocer a sus m\u00e1s allegados, que ya no llegar\u00e1 a la Secretar\u00eda de Finanzas y Planeaci\u00f3n, ni a la Secretar\u00eda Particular, sino que ahora se enfocar\u00e1 en la Fiscal\u00eda General del Estado.<\/p>\n\n\n\n<p>Ante tal iniciativa, que ser\u00eda aprobada en los pr\u00f3ximos d\u00edas, Ver\u00f3nica Hern\u00e1ndez se reuni\u00f3 la ma\u00f1ana de este jueves con diputados locales en el Congreso del Estado, a quienes comunic\u00f3 que se separar\u00eda del cargo, y para ello, present\u00f3 su renuncia.<\/p>\n\n\n\n<p>Cabe recordar que Ver\u00f3nica Hern\u00e1ndez en sus \u00faltimos discursos, aseguraba que permanecer\u00eda en el cargo, pues habr\u00eda logrado la transformaci\u00f3n de la FGE, sin embargo su cercan\u00eda al ex secretario de Gobierno, Eric Cisneros Burgos y los fallos que ha tenido en la procuraci\u00f3n de justicia cuestionaban su capacidad para continuar en el cargo.<\/p>\n\n\n\n<p>Incluso, esta semana, se dio a conocer que la Fiscal\u00eda tom\u00f3 la decisi\u00f3n de retirar los cargos y las \u00f3rdenes de aprehensi\u00f3n en contra del senador Miguel \u00c1ngel Yunes M\u00e1rquez.<\/p>\n\n\n\n<p>Tambi\u00e9n la gobernadora electa Roc\u00edo Nahle Garc\u00eda critic\u00f3 que en dicho asunto, ya que la Fiscal\u00eda de Veracruz tard\u00f3 m\u00e1s de 3 a\u00f1os en iniciar las diligencias en contra del ex panista.<\/p>\n","protected":false},"excerpt":{"rendered":"<p>Dar\u00edo Pale Xalapa, Ver.- Ha trascendido que la fiscal general del Estado, Ver\u00f3nica Hern\u00e1ndez Giad\u00e1ns acudi\u00f3 al Congreso del Estado a presentar su renuncia, la cual ser\u00e1 efectiva a partir del pr\u00f3ximo s\u00e1bado 30 de noviembre. Se ha dado a conocer que el encargado del despacho, ser\u00e1 el diputado local Diego Casta\u00f1eda, quien solicitar\u00eda licencia [&hellip;]<\/p>\n","protected":false},"author":2476,"featured_media":61302,"comment_status":"open","ping_status":"open","sticky":false,"template":"","format":"standard","meta":{"_jetpack_memberships_contains_paid_content":false,"footnotes":""},"categories":[2],"tags":[],"class_list":["post-61299","post","type-post","status-publish","format-standard","has-post-thumbnail","hentry","category-estado"],"jetpack_featured_media_url":"https:\/\/encuentroinformativo.com.mx\/wp-content\/uploads\/2024\/11\/IMG-20241128-WA01072-scaled.jpg","jetpack_sharing_enabled":true,"jetpack_likes_enabled":true,"amp_enabled":true,"_links":{"self":[{"href":"https:\/\/encuentroinformativo.com.mx\/index.php?rest_route=\/wp\/v2\/posts\/61299","targetHints":{"allow":["GET"]}}],"collection":[{"href":"https:\/\/encuentroinformativo.com.mx\/index.php?rest_route=\/wp\/v2\/posts"}],"about":[{"href":"https:\/\/encuentroinformativo.com.mx\/index.php?rest_route=\/wp\/v2\/types\/post"}],"author":[{"embeddable":true,"href":"https:\/\/encuentroinformativo.com.mx\/index.php?rest_route=\/wp\/v2\/users\/2476"}],"replies":[{"embeddable":true,"href":"https:\/\/encuentroinformativo.com.mx\/index.php?rest_route=%2Fwp%2Fv2%2Fcomments&post=61299"}],"version-history":[{"count":1,"href":"https:\/\/encuentroinformativo.com.mx\/index.php?rest_route=\/wp\/v2\/posts\/61299\/revisions"}],"predecessor-version":[{"id":61301,"href":"https:\/\/encuentroinformativo.com.mx\/index.php?rest_route=\/wp\/v2\/posts\/61299\/revisions\/61301"}],"wp:featuredmedia":[{"embeddable":true,"href":"https:\/\/encuentroinformativo.com.mx\/index.php?rest_route=\/wp\/v2\/media\/61302"}],"wp:attachment":[{"href":"https:\/\/encuentroinformativo.com.mx\/index.php?rest_route=%2Fwp%2Fv2%2Fmedia&parent=61299"}],"wp:term":[{"taxonomy":"category","embeddable":true,"href":"https:\/\/encuentroinformativo.com.mx\/index.php?rest_route=%2Fwp%2Fv2%2Fcategories&post=61299"},{"taxonomy":"post_tag","embeddable":true,"href":"https:\/\/encuentroinformativo.com.mx\/index.php?rest_route=%2Fwp%2Fv2%2Ftags&post=61299"}],"curies":[{"name":"wp","href":"https:\/\/api.w.org\/{rel}","templated":true}]}}