{"id":61303,"date":"2024-11-28T14:45:18","date_gmt":"2024-11-28T20:45:18","guid":{"rendered":"https:\/\/encuentroinformativo.com.mx\/?p=61303"},"modified":"2024-11-28T14:45:25","modified_gmt":"2024-11-28T20:45:25","slug":"morena-inconforme-por-anuncio-de-fechas-de-carnaval-2025","status":"publish","type":"post","link":"https:\/\/encuentroinformativo.com.mx\/?p=61303","title":{"rendered":"Morena inconforme por anuncio de fechas de Carnaval 2025"},"content":{"rendered":"\n<p><strong>Alejandro \u00c1vila<\/strong><\/p>\n\n\n\n<p>Veracruz, Ver.- La diputada federal de Morena, Rosa Mar\u00eda Hern\u00e1ndez Espejo, se dijo inconforme con el anuncio de las fechas para el Carnaval de Veracruz en su edici\u00f3n 2025, ya que asegur\u00f3 qued\u00f3 claro que en verano no es el mejor momento para realizar las fiestas carnestolendas.<\/p>\n\n\n\n<p>&#8220;Creo que ya est\u00e1 comprobado y confirmado que no resulta en esas fechas para nuestra ciudad y la regi\u00f3n, hay que recordar que la econom\u00eda de Veracruz detona toda la regi\u00f3n centro del Estado, y ya se han hecho tres a\u00f1os as\u00ed, creo que como prueba y error se tiene que aprender, no resulta, el a\u00f1o pasado se suspendieron desfiles, adem\u00e1s no es la tradici\u00f3n, no es la vocaci\u00f3n de nuestra heroica ciudad un Carnaval en estas fechas&#8221;, expres\u00f3 en rueda de prensa.<\/p>\n\n\n\n<p>La legisladora federal mencion\u00f3 que durante su recorridos en las colonias de la ciudad y Puerto de Veracruz, muchos jarochos le ha manifestado que la gente, el pueblo, el que acude realmente a los festejos en honor al Rey Momo, no est\u00e1 de acuerdo con que se realice el Carnaval en los meses de junio y julio.<\/p>\n\n\n\n<p>&#8220;Ni econ\u00f3micamente ni tur\u00edsticamente conviene, ni tampoco es la tradici\u00f3n, nosotros tenemos que preservar nuestro legado cultural y el carnaval siempre cae en las fechas, 40 d\u00edas antes de Semana Santa, como se celebra en la mayor parte del mundo, la gente est\u00e1 arraigada con esa tradici\u00f3n, es una fiesta veracruzana de las m\u00e1s importantes del pa\u00eds y que con eso se da a conocer al mundo. No estamos de acuerdo, yo hago desde aqu\u00ed un exhorto a las autoridades del Ayuntamiento de Veracruz, a la presidenta municipal Patricia Lobeira, al Comit\u00e9 Organizador a que respetuosamente escuchan al pueblo y que no sigan cometiendo el error de estar haciendo el Carnaval en esas fechas&#8221;, remat\u00f3.<\/p>\n","protected":false},"excerpt":{"rendered":"<p>Alejandro \u00c1vila Veracruz, Ver.- La diputada federal de Morena, Rosa Mar\u00eda Hern\u00e1ndez Espejo, se dijo inconforme con el anuncio de las fechas para el Carnaval de Veracruz en su edici\u00f3n 2025, ya que asegur\u00f3 qued\u00f3 claro que en verano no es el mejor momento para realizar las fiestas carnestolendas. &#8220;Creo que ya est\u00e1 comprobado y [&hellip;]<\/p>\n","protected":false},"author":2476,"featured_media":61304,"comment_status":"open","ping_status":"open","sticky":false,"template":"","format":"standard","meta":{"_jetpack_memberships_contains_paid_content":false,"footnotes":""},"categories":[2],"tags":[],"class_list":["post-61303","post","type-post","status-publish","format-standard","has-post-thumbnail","hentry","category-estado"],"jetpack_featured_media_url":"https:\/\/encuentroinformativo.com.mx\/wp-content\/uploads\/2024\/11\/IMG-20241128-WA00512.jpg","jetpack_sharing_enabled":true,"jetpack_likes_enabled":true,"amp_enabled":true,"_links":{"self":[{"href":"https:\/\/encuentroinformativo.com.mx\/index.php?rest_route=\/wp\/v2\/posts\/61303","targetHints":{"allow":["GET"]}}],"collection":[{"href":"https:\/\/encuentroinformativo.com.mx\/index.php?rest_route=\/wp\/v2\/posts"}],"about":[{"href":"https:\/\/encuentroinformativo.com.mx\/index.php?rest_route=\/wp\/v2\/types\/post"}],"author":[{"embeddable":true,"href":"https:\/\/encuentroinformativo.com.mx\/index.php?rest_route=\/wp\/v2\/users\/2476"}],"replies":[{"embeddable":true,"href":"https:\/\/encuentroinformativo.com.mx\/index.php?rest_route=%2Fwp%2Fv2%2Fcomments&post=61303"}],"version-history":[{"count":1,"href":"https:\/\/encuentroinformativo.com.mx\/index.php?rest_route=\/wp\/v2\/posts\/61303\/revisions"}],"predecessor-version":[{"id":61305,"href":"https:\/\/encuentroinformativo.com.mx\/index.php?rest_route=\/wp\/v2\/posts\/61303\/revisions\/61305"}],"wp:featuredmedia":[{"embeddable":true,"href":"https:\/\/encuentroinformativo.com.mx\/index.php?rest_route=\/wp\/v2\/media\/61304"}],"wp:attachment":[{"href":"https:\/\/encuentroinformativo.com.mx\/index.php?rest_route=%2Fwp%2Fv2%2Fmedia&parent=61303"}],"wp:term":[{"taxonomy":"category","embeddable":true,"href":"https:\/\/encuentroinformativo.com.mx\/index.php?rest_route=%2Fwp%2Fv2%2Fcategories&post=61303"},{"taxonomy":"post_tag","embeddable":true,"href":"https:\/\/encuentroinformativo.com.mx\/index.php?rest_route=%2Fwp%2Fv2%2Ftags&post=61303"}],"curies":[{"name":"wp","href":"https:\/\/api.w.org\/{rel}","templated":true}]}}