{"id":61323,"date":"2024-11-28T16:08:33","date_gmt":"2024-11-28T22:08:33","guid":{"rendered":"https:\/\/encuentroinformativo.com.mx\/?p=61323"},"modified":"2024-11-28T16:08:38","modified_gmt":"2024-11-28T22:08:38","slug":"reconoce-rocio-nahle-trabajo-de-ricardo-ahued-en-alcaldia-de-xalapa","status":"publish","type":"post","link":"https:\/\/encuentroinformativo.com.mx\/?p=61323","title":{"rendered":"Reconoce Roc\u00edo Nahle trabajo de Ricardo Ahued en alcald\u00eda de Xalapa"},"content":{"rendered":"\n<p><strong>Dar\u00edo Pale <\/strong><\/p>\n\n\n\n<p>Xalapa, Ver.- La gobernadora electa Roc\u00edo Nahle Garc\u00eda reconoci\u00f3 el trabajo del alcalde Ricardo Ahued Bardahuil durante su administraci\u00f3n en Xalapa y adelant\u00f3 que con \u00e9l en la Secretar\u00eda de Gobierno \u201cnos va a ir muy bien\u201d.\u00a0<\/p>\n\n\n\n<p>En entrevista posterior al \u00faltimo informe del edil, reconoci\u00f3 el trabajo realizado por el todav\u00eda alcalde de Xalapa, Ricardo Ahued Bardahuil.\u00a0<\/p>\n\n\n\n<p>Coment\u00f3 que previo a convertirse en Secretario de Gobierno, Nahle Garc\u00eda se dijo con \u201csuerte\u201d de contar con \u00e9l en su gabinete.<\/p>\n\n\n\n<p>&#8220;Excelente, excelente (\u2026) un gran trabajo del alcalde Ricardo Ahued y es una suerte tenerlo con nosotros en el pr\u00f3ximo gabinete\u201d, se\u00f1al\u00f3.<\/p>\n\n\n\n<p>Remarc\u00f3 que esta pieza ser\u00e1 clave en su administraci\u00f3n y que ayudar\u00e1 mucho a todos y todas los veracruzanos, por lo que les ir\u00e1 muy bien.\u00a0<\/p>\n\n\n\n<p>Por \u00faltimo cabe se\u00f1alar que, Ricardo Ahued inform\u00f3 al pueblo xalape\u00f1o sobre las acciones realizadas en este a\u00f1o de gobierno; con agradecimientos a quienes brindaron apoyo en la administraci\u00f3n, se despidi\u00f3 para dar inicio a una nueva etapa en su carrera pol\u00edtica.<\/p>\n","protected":false},"excerpt":{"rendered":"<p>Dar\u00edo Pale Xalapa, Ver.- La gobernadora electa Roc\u00edo Nahle Garc\u00eda reconoci\u00f3 el trabajo del alcalde Ricardo Ahued Bardahuil durante su administraci\u00f3n en Xalapa y adelant\u00f3 que con \u00e9l en la Secretar\u00eda de Gobierno \u201cnos va a ir muy bien\u201d.\u00a0 En entrevista posterior al \u00faltimo informe del edil, reconoci\u00f3 el trabajo realizado por el todav\u00eda alcalde [&hellip;]<\/p>\n","protected":false},"author":2476,"featured_media":61324,"comment_status":"open","ping_status":"open","sticky":false,"template":"","format":"standard","meta":{"_jetpack_memberships_contains_paid_content":false,"footnotes":""},"categories":[2],"tags":[],"class_list":["post-61323","post","type-post","status-publish","format-standard","has-post-thumbnail","hentry","category-estado"],"jetpack_featured_media_url":"https:\/\/encuentroinformativo.com.mx\/wp-content\/uploads\/2024\/11\/IMG-20241128-WA01152.jpg","jetpack_sharing_enabled":true,"jetpack_likes_enabled":true,"amp_enabled":true,"_links":{"self":[{"href":"https:\/\/encuentroinformativo.com.mx\/index.php?rest_route=\/wp\/v2\/posts\/61323","targetHints":{"allow":["GET"]}}],"collection":[{"href":"https:\/\/encuentroinformativo.com.mx\/index.php?rest_route=\/wp\/v2\/posts"}],"about":[{"href":"https:\/\/encuentroinformativo.com.mx\/index.php?rest_route=\/wp\/v2\/types\/post"}],"author":[{"embeddable":true,"href":"https:\/\/encuentroinformativo.com.mx\/index.php?rest_route=\/wp\/v2\/users\/2476"}],"replies":[{"embeddable":true,"href":"https:\/\/encuentroinformativo.com.mx\/index.php?rest_route=%2Fwp%2Fv2%2Fcomments&post=61323"}],"version-history":[{"count":1,"href":"https:\/\/encuentroinformativo.com.mx\/index.php?rest_route=\/wp\/v2\/posts\/61323\/revisions"}],"predecessor-version":[{"id":61325,"href":"https:\/\/encuentroinformativo.com.mx\/index.php?rest_route=\/wp\/v2\/posts\/61323\/revisions\/61325"}],"wp:featuredmedia":[{"embeddable":true,"href":"https:\/\/encuentroinformativo.com.mx\/index.php?rest_route=\/wp\/v2\/media\/61324"}],"wp:attachment":[{"href":"https:\/\/encuentroinformativo.com.mx\/index.php?rest_route=%2Fwp%2Fv2%2Fmedia&parent=61323"}],"wp:term":[{"taxonomy":"category","embeddable":true,"href":"https:\/\/encuentroinformativo.com.mx\/index.php?rest_route=%2Fwp%2Fv2%2Fcategories&post=61323"},{"taxonomy":"post_tag","embeddable":true,"href":"https:\/\/encuentroinformativo.com.mx\/index.php?rest_route=%2Fwp%2Fv2%2Ftags&post=61323"}],"curies":[{"name":"wp","href":"https:\/\/api.w.org\/{rel}","templated":true}]}}