{"id":61333,"date":"2024-11-29T11:47:44","date_gmt":"2024-11-29T17:47:44","guid":{"rendered":"https:\/\/encuentroinformativo.com.mx\/?p=61333"},"modified":"2024-11-29T11:47:49","modified_gmt":"2024-11-29T17:47:49","slug":"expolicias-de-poza-rica-protestan-en-ssp","status":"publish","type":"post","link":"https:\/\/encuentroinformativo.com.mx\/?p=61333","title":{"rendered":"Expolic\u00edas de Poza Rica protestan en SSP"},"content":{"rendered":"\n<p><strong>Dar\u00edo Pale <\/strong><\/p>\n\n\n\n<p>Xalapa, Ver.- Expolic\u00edas de la extinta polic\u00eda Intermunicipal Poza Rica-Tihuatl\u00e1n-Coatzintla, (PIPTC), cerraron la calle Zaragoza frente al edificio de la Secretar\u00eda de Seguridad P\u00fablica (SSP) en Xalapa para protestar en contra de la Fiscal\u00eda al ser omisa ante la denuncia que interpusieron el 24 octubre de 2019 para exigir que se les pague su liquidaci\u00f3n al ser despedidos de la dependencia.\u00a0<\/p>\n\n\n\n<p>Al respecto, el asesor de los afectados, \u00d3scar Ju\u00e1rez Reyes, se\u00f1al\u00f3 que el fallo sali\u00f3 a favor de los afectados qu\u00e9 cuentan con edades entre 70 y 80 a\u00f1os, sin embargo, asegur\u00f3 que la Fiscal\u00eda General est\u00e1 reteniendo las liquidaciones.\u00a0<\/p>\n\n\n\n<p>&#8220;Los fiscales de Distrito con la fiscal regional de Tuxpan no quieren hacer avances en la carpeta cuando ya tiene m\u00e1s de 5 a\u00f1os de haberse interpuesto denuncias en la Fiscal\u00eda Anticorrupci\u00f3n.\u00a0Se erradic\u00f3 como incompetencia al s\u00e9ptimo distrito de Poza Rica. Ah\u00ed es donde estamos atorados&#8221;, se\u00f1al\u00f3.<\/p>\n\n\n\n<p>Dijo que se trata de m\u00e1s de 600 personas afectadas, pero son 180 quienes interpusieron la denuncia, y de ellos ya han fallecido 40 expolic\u00edas, ya s\u00f3lo quedan 140.<\/p>\n\n\n\n<p>La denuncia fue interpuesta el 24 de octubre de 2019 en la Fiscal\u00eda Anticorrupci\u00f3n y durante el actual sexenio no se resolvi\u00f3, por lo que lamentaron la falta de voluntad del gobernador Cuitl\u00e1huac Garc\u00eda Jim\u00e9nez, quien aseguran que les prometi\u00f3 en campa\u00f1a resolverles sus demandas.<\/p>\n\n\n\n<p>&#8220;Cuando anduvo en campa\u00f1a, incluso nos mand\u00f3 hasta para los pasajes para que estuvi\u00e9ramos en su toma de protesta. Ya cuando lleg\u00f3 la audiencia nos negaban&#8221;, coment\u00f3.<\/p>\n\n\n\n<p>Y es que indic\u00f3 que al ser despedidos sin recibir su retribuci\u00f3n, perdieron atenci\u00f3n m\u00e9dica, ya que son extrabajadores de la extinta polic\u00eda intermunicipal Poza Rica-Tihuatl\u00e1n-Coatzintla.\u00a0<\/p>\n\n\n\n<p>&#8220;No hay avance en la carpeta y ya son m\u00e1s de 5 a\u00f1os, est\u00e1n obstruyendo el desarrollo de la carpeta&#8221;.<\/p>\n\n\n\n<p>Finalmente, precis\u00f3 que continuar\u00e1n con sus manifestaciones y esperan poder negociar con las autoridades estatales y confiaron en que los atienda ya como gobernadora Roc\u00edo Nhale Garc\u00eda.<\/p>\n\n\n\n<figure class=\"wp-block-image size-large\"><img loading=\"lazy\" decoding=\"async\" width=\"1024\" height=\"518\" src=\"https:\/\/encuentroinformativo.com.mx\/wp-content\/uploads\/2024\/11\/1000433167-1024x518.jpg\" alt=\"\" class=\"wp-image-61335\" srcset=\"https:\/\/encuentroinformativo.com.mx\/wp-content\/uploads\/2024\/11\/1000433167-1024x518.jpg 1024w, https:\/\/encuentroinformativo.com.mx\/wp-content\/uploads\/2024\/11\/1000433167-300x152.jpg 300w, https:\/\/encuentroinformativo.com.mx\/wp-content\/uploads\/2024\/11\/1000433167-768x388.jpg 768w, https:\/\/encuentroinformativo.com.mx\/wp-content\/uploads\/2024\/11\/1000433167-1536x777.jpg 1536w, https:\/\/encuentroinformativo.com.mx\/wp-content\/uploads\/2024\/11\/1000433167.jpg 1598w\" sizes=\"auto, (max-width: 1024px) 100vw, 1024px\" \/><\/figure>\n","protected":false},"excerpt":{"rendered":"<p>Dar\u00edo Pale Xalapa, Ver.- Expolic\u00edas de la extinta polic\u00eda Intermunicipal Poza Rica-Tihuatl\u00e1n-Coatzintla, (PIPTC), cerraron la calle Zaragoza frente al edificio de la Secretar\u00eda de Seguridad P\u00fablica (SSP) en Xalapa para protestar en contra de la Fiscal\u00eda al ser omisa ante la denuncia que interpusieron el 24 octubre de 2019 para exigir que se les pague [&hellip;]<\/p>\n","protected":false},"author":2476,"featured_media":61334,"comment_status":"open","ping_status":"open","sticky":false,"template":"","format":"standard","meta":{"_jetpack_memberships_contains_paid_content":false,"footnotes":""},"categories":[2],"tags":[],"class_list":["post-61333","post","type-post","status-publish","format-standard","has-post-thumbnail","hentry","category-estado"],"jetpack_featured_media_url":"https:\/\/encuentroinformativo.com.mx\/wp-content\/uploads\/2024\/11\/IMG-20241129-WA00151.jpg","jetpack_sharing_enabled":true,"jetpack_likes_enabled":true,"amp_enabled":true,"_links":{"self":[{"href":"https:\/\/encuentroinformativo.com.mx\/index.php?rest_route=\/wp\/v2\/posts\/61333","targetHints":{"allow":["GET"]}}],"collection":[{"href":"https:\/\/encuentroinformativo.com.mx\/index.php?rest_route=\/wp\/v2\/posts"}],"about":[{"href":"https:\/\/encuentroinformativo.com.mx\/index.php?rest_route=\/wp\/v2\/types\/post"}],"author":[{"embeddable":true,"href":"https:\/\/encuentroinformativo.com.mx\/index.php?rest_route=\/wp\/v2\/users\/2476"}],"replies":[{"embeddable":true,"href":"https:\/\/encuentroinformativo.com.mx\/index.php?rest_route=%2Fwp%2Fv2%2Fcomments&post=61333"}],"version-history":[{"count":1,"href":"https:\/\/encuentroinformativo.com.mx\/index.php?rest_route=\/wp\/v2\/posts\/61333\/revisions"}],"predecessor-version":[{"id":61336,"href":"https:\/\/encuentroinformativo.com.mx\/index.php?rest_route=\/wp\/v2\/posts\/61333\/revisions\/61336"}],"wp:featuredmedia":[{"embeddable":true,"href":"https:\/\/encuentroinformativo.com.mx\/index.php?rest_route=\/wp\/v2\/media\/61334"}],"wp:attachment":[{"href":"https:\/\/encuentroinformativo.com.mx\/index.php?rest_route=%2Fwp%2Fv2%2Fmedia&parent=61333"}],"wp:term":[{"taxonomy":"category","embeddable":true,"href":"https:\/\/encuentroinformativo.com.mx\/index.php?rest_route=%2Fwp%2Fv2%2Fcategories&post=61333"},{"taxonomy":"post_tag","embeddable":true,"href":"https:\/\/encuentroinformativo.com.mx\/index.php?rest_route=%2Fwp%2Fv2%2Ftags&post=61333"}],"curies":[{"name":"wp","href":"https:\/\/api.w.org\/{rel}","templated":true}]}}