{"id":61337,"date":"2024-11-29T14:00:01","date_gmt":"2024-11-29T20:00:01","guid":{"rendered":"https:\/\/encuentroinformativo.com.mx\/?p=61337"},"modified":"2024-11-29T14:00:06","modified_gmt":"2024-11-29T20:00:06","slug":"piden-colectivos-atender-mayores-acciones-de-busqueda-en-veracruz","status":"publish","type":"post","link":"https:\/\/encuentroinformativo.com.mx\/?p=61337","title":{"rendered":"Piden colectivos atender mayores acciones de b\u00fasqueda en Veracruz"},"content":{"rendered":"\n<p><strong>Dar\u00edo Pale <\/strong><\/p>\n\n\n\n<p>Xalapa, Ver.- Este viernes, Colectivos de desaparecidos presentaron un informe de la Red Lupa, sobre la evaluaci\u00f3n de las acciones implementadas en los diferentes estados para la b\u00fasqueda de desaparecidos.<\/p>\n\n\n\n<p>En conferencia de prensa, se\u00f1alaron que este reporte se realiz\u00f3 con base en la informaci\u00f3n que se solicit\u00f3 a instancias y autoridades de cada estado, como la Fiscal\u00eda General, la Direcci\u00f3n de Periciales, la Comisi\u00f3n Estatal de B\u00fasqueda, Atenci\u00f3n a V\u00edctimas y al Poder Judicial.\u00a0<\/p>\n\n\n\n<p>Indicaron que luego de un an\u00e1lisis a estos datos, presentan varias recomendaciones al Estado, que si bien ha sido de los estado que han adoptado medidas para afrontar las desapariciones, no ha sido suficiente.\u00a0<\/p>\n\n\n\n<p>Abundaron qu\u00e9 entre \u00e9stas se encuentra la recomendaci\u00f3n a la Gobernadora Electa, Roc\u00edo Nahle Garc\u00eda en materia de gobierno y pol\u00edtica p\u00fablica; incluir entre los ejes prioritarios la tem\u00e1tica de desaparici\u00f3n, as\u00ed como definir con la SSP, la Fiscal\u00eda y la Comisi\u00f3n Estatal de B\u00fasqueda programas de prevenci\u00f3n de este delito y m\u00e1s acciones gubernamentales.\u00a0<\/p>\n\n\n\n<p>Adem\u00e1s de otorgar el presupuesto suficiente para las instituciones y evaluar las acciones de manera peri\u00f3dica, y tener mecanismos de escucha con las familias de los desaparecidos para evaluar las acciones que emprenden las instituciones y contar con los mecanismos de rendici\u00f3n de cuentas.\u00a0<\/p>\n\n\n\n<p>Y es que dijeron que se espera como resultado qu\u00e9 m\u00e1s familias tengan garant\u00edas y que la pol\u00edtica est\u00e9 encaminada a la b\u00fasqueda de los desaparecidos y sobre todo que no haya corrupci\u00f3n ni impunidad en los casos.\u00a0<\/p>\n\n\n\n<p>Asimismo, recomendaron a la Secretar\u00eda de Gobierno emitir la convocatoria para un titular de la Comisi\u00f3n Estatal de B\u00fasqueda, incentivar la colaboraci\u00f3n con los municipios para las b\u00fasquedas, crear mecanismos de protecci\u00f3n para buscadoras y periodistas considerando las agresiones que se dan.\u00a0<\/p>\n\n\n\n<p>Finalmente, enumeraron otras recomendaciones a distintas instancias y dependencias, para fortalecer las acciones en el tema de desaparecidos.<\/p>\n","protected":false},"excerpt":{"rendered":"<p>Dar\u00edo Pale Xalapa, Ver.- Este viernes, Colectivos de desaparecidos presentaron un informe de la Red Lupa, sobre la evaluaci\u00f3n de las acciones implementadas en los diferentes estados para la b\u00fasqueda de desaparecidos. En conferencia de prensa, se\u00f1alaron que este reporte se realiz\u00f3 con base en la informaci\u00f3n que se solicit\u00f3 a instancias y autoridades de [&hellip;]<\/p>\n","protected":false},"author":2476,"featured_media":61338,"comment_status":"open","ping_status":"open","sticky":false,"template":"","format":"standard","meta":{"_jetpack_memberships_contains_paid_content":false,"footnotes":""},"categories":[3],"tags":[],"class_list":["post-61337","post","type-post","status-publish","format-standard","has-post-thumbnail","hentry","category-xalapa"],"jetpack_featured_media_url":"https:\/\/encuentroinformativo.com.mx\/wp-content\/uploads\/2024\/11\/IMG-20241129-WA0033.jpg","jetpack_sharing_enabled":true,"jetpack_likes_enabled":true,"amp_enabled":true,"_links":{"self":[{"href":"https:\/\/encuentroinformativo.com.mx\/index.php?rest_route=\/wp\/v2\/posts\/61337","targetHints":{"allow":["GET"]}}],"collection":[{"href":"https:\/\/encuentroinformativo.com.mx\/index.php?rest_route=\/wp\/v2\/posts"}],"about":[{"href":"https:\/\/encuentroinformativo.com.mx\/index.php?rest_route=\/wp\/v2\/types\/post"}],"author":[{"embeddable":true,"href":"https:\/\/encuentroinformativo.com.mx\/index.php?rest_route=\/wp\/v2\/users\/2476"}],"replies":[{"embeddable":true,"href":"https:\/\/encuentroinformativo.com.mx\/index.php?rest_route=%2Fwp%2Fv2%2Fcomments&post=61337"}],"version-history":[{"count":1,"href":"https:\/\/encuentroinformativo.com.mx\/index.php?rest_route=\/wp\/v2\/posts\/61337\/revisions"}],"predecessor-version":[{"id":61339,"href":"https:\/\/encuentroinformativo.com.mx\/index.php?rest_route=\/wp\/v2\/posts\/61337\/revisions\/61339"}],"wp:featuredmedia":[{"embeddable":true,"href":"https:\/\/encuentroinformativo.com.mx\/index.php?rest_route=\/wp\/v2\/media\/61338"}],"wp:attachment":[{"href":"https:\/\/encuentroinformativo.com.mx\/index.php?rest_route=%2Fwp%2Fv2%2Fmedia&parent=61337"}],"wp:term":[{"taxonomy":"category","embeddable":true,"href":"https:\/\/encuentroinformativo.com.mx\/index.php?rest_route=%2Fwp%2Fv2%2Fcategories&post=61337"},{"taxonomy":"post_tag","embeddable":true,"href":"https:\/\/encuentroinformativo.com.mx\/index.php?rest_route=%2Fwp%2Fv2%2Ftags&post=61337"}],"curies":[{"name":"wp","href":"https:\/\/api.w.org\/{rel}","templated":true}]}}