{"id":61340,"date":"2024-11-29T14:05:50","date_gmt":"2024-11-29T20:05:50","guid":{"rendered":"https:\/\/encuentroinformativo.com.mx\/?p=61340"},"modified":"2024-11-29T14:05:55","modified_gmt":"2024-11-29T20:05:55","slug":"no-he-renunciado-a-la-fge-veronica-hernandez","status":"publish","type":"post","link":"https:\/\/encuentroinformativo.com.mx\/?p=61340","title":{"rendered":"No he renunciado a la FGE: Ver\u00f3nica Hern\u00e1ndez"},"content":{"rendered":"\n<p><strong>Dar\u00edo Pale <\/strong><\/p>\n\n\n\n<p>Xalapa, Ver.- \u201cYo sigo trabajando, no s\u00e9 cu\u00e1l fue la finalidad del rumor\u201d, responde la fiscal Ver\u00f3nica Hern\u00e1ndez Giad\u00e1ns sobre renuncia al cargo, presume\u00a0 detenci\u00f3n de El Cochiloco, presunto asesino de los hermanitos de El Espinal.<\/p>\n\n\n\n<p>En entrevista, neg\u00f3 que haya renunciado al cargo este jueves y dijo que no vio el sentido del rumor de su salida, \u201cfue un rumor, yo sigo atendiendo el trabajo. Yo sigo trabajando hasta el d\u00eda de hoy, no s\u00e9 cu\u00e1l fue la finalidad del rumor\u201d.<\/p>\n\n\n\n<p>Asegur\u00f3 que ella sigue trabajando y dando resultados, convencida de que la justicia en Veracruz es una realidad.<\/p>\n\n\n\n<p>Cuestionada en relaci\u00f3n a la propuesta legislativa por parte del diputado Diego Casta\u00f1eda Aburto, opin\u00f3 que es un proceso que corresponde al Poder Legislativo y en ese sentido, dijo que estar\u00e1 atenta.\u00a0<\/p>\n\n\n\n<p>Pidi\u00f3 que primero se apruebe la reforma a la Constituci\u00f3n y entonces poder platicar, pero reiter\u00f3 que ella sigue trabajando y dando resultados.\u00a0<\/p>\n\n\n\n<p>En otro orden de ideas se presumi\u00f3 la detenci\u00f3n del presunto asesino de los hermanos monaguillos de El Espinal.<\/p>\n\n\n\n<p>En ese sentido, confirm\u00f3 que ya fue detenida una persona involucrada en el asesinato de dos monaguillos en El Espinal, al norte de Veracruz.<\/p>\n\n\n\n<p>Este jueves se dio a conocer la detenci\u00f3n del presunto asesino de los hermanos Jos\u00e9 Juan y Alex, de 13 y 15 a\u00f1os, respectivamente en el municipio de Espinal, \u00c1ngel Elohe &#8220;N&#8221;, alias \u201cel Cochiloco\u201d, quien fue capturado por agentes de la Polic\u00eda Ministerial en el Estado de M\u00e9xico.<\/p>\n\n\n\n<p>Su captura se realiz\u00f3 con base en una orden de aprehensi\u00f3n y con el apoyo de autoridades ministeriales de aquella entidad.\u00a0<\/p>\n\n\n\n<p>Por \u00faltimo se\u00f1al\u00f3 que, \u201cfue una noticia que se dio ayer, seguimos dando resultados, deteniendo objetivos importantes y convencidos de que hay justicia en Veracruz\u201d.<\/p>\n","protected":false},"excerpt":{"rendered":"<p>Dar\u00edo Pale Xalapa, Ver.- \u201cYo sigo trabajando, no s\u00e9 cu\u00e1l fue la finalidad del rumor\u201d, responde la fiscal Ver\u00f3nica Hern\u00e1ndez Giad\u00e1ns sobre renuncia al cargo, presume\u00a0 detenci\u00f3n de El Cochiloco, presunto asesino de los hermanitos de El Espinal. En entrevista, neg\u00f3 que haya renunciado al cargo este jueves y dijo que no vio el sentido [&hellip;]<\/p>\n","protected":false},"author":2476,"featured_media":61341,"comment_status":"open","ping_status":"open","sticky":false,"template":"","format":"standard","meta":{"_jetpack_memberships_contains_paid_content":false,"footnotes":""},"categories":[2],"tags":[],"class_list":["post-61340","post","type-post","status-publish","format-standard","has-post-thumbnail","hentry","category-estado"],"jetpack_featured_media_url":"https:\/\/encuentroinformativo.com.mx\/wp-content\/uploads\/2024\/11\/IMG-20241129-WA00412.jpg","jetpack_sharing_enabled":true,"jetpack_likes_enabled":true,"amp_enabled":true,"_links":{"self":[{"href":"https:\/\/encuentroinformativo.com.mx\/index.php?rest_route=\/wp\/v2\/posts\/61340","targetHints":{"allow":["GET"]}}],"collection":[{"href":"https:\/\/encuentroinformativo.com.mx\/index.php?rest_route=\/wp\/v2\/posts"}],"about":[{"href":"https:\/\/encuentroinformativo.com.mx\/index.php?rest_route=\/wp\/v2\/types\/post"}],"author":[{"embeddable":true,"href":"https:\/\/encuentroinformativo.com.mx\/index.php?rest_route=\/wp\/v2\/users\/2476"}],"replies":[{"embeddable":true,"href":"https:\/\/encuentroinformativo.com.mx\/index.php?rest_route=%2Fwp%2Fv2%2Fcomments&post=61340"}],"version-history":[{"count":1,"href":"https:\/\/encuentroinformativo.com.mx\/index.php?rest_route=\/wp\/v2\/posts\/61340\/revisions"}],"predecessor-version":[{"id":61342,"href":"https:\/\/encuentroinformativo.com.mx\/index.php?rest_route=\/wp\/v2\/posts\/61340\/revisions\/61342"}],"wp:featuredmedia":[{"embeddable":true,"href":"https:\/\/encuentroinformativo.com.mx\/index.php?rest_route=\/wp\/v2\/media\/61341"}],"wp:attachment":[{"href":"https:\/\/encuentroinformativo.com.mx\/index.php?rest_route=%2Fwp%2Fv2%2Fmedia&parent=61340"}],"wp:term":[{"taxonomy":"category","embeddable":true,"href":"https:\/\/encuentroinformativo.com.mx\/index.php?rest_route=%2Fwp%2Fv2%2Fcategories&post=61340"},{"taxonomy":"post_tag","embeddable":true,"href":"https:\/\/encuentroinformativo.com.mx\/index.php?rest_route=%2Fwp%2Fv2%2Ftags&post=61340"}],"curies":[{"name":"wp","href":"https:\/\/api.w.org\/{rel}","templated":true}]}}