{"id":61343,"date":"2024-11-29T14:37:31","date_gmt":"2024-11-29T20:37:31","guid":{"rendered":"https:\/\/encuentroinformativo.com.mx\/?p=61343"},"modified":"2024-11-29T14:37:36","modified_gmt":"2024-11-29T20:37:36","slug":"se-quedan-buenos-numeros-en-finanzas-lima-franco","status":"publish","type":"post","link":"https:\/\/encuentroinformativo.com.mx\/?p=61343","title":{"rendered":"Se quedan buenos n\u00fameros en finanzas: Lima Franco"},"content":{"rendered":"\n<p><strong>Dar\u00edo Pale <\/strong><\/p>\n\n\n\n<p>Xalapa, Ver.- No se queda en Sefiplan para buscar la alcald\u00eda de Poza Rica, le dejar\u00e1 recursos a la gobernadora Roc\u00edo Nahle para el pago de prestaciones de fin de a\u00f1o a trabajadores, as\u00ed lo confirm\u00f3 el\u00a0 secretario de Finanzas y Planeaci\u00f3n (Sefiplan), Jos\u00e9 Luis Lima Franco.<\/p>\n\n\n\n<p>Entrevistado en el Congreso del Estado, confirm\u00f3 que decidi\u00f3 no sumarse a la administraci\u00f3n de la futura gobernadora, Roc\u00edo Nahle Garc\u00eda para buscar la alcald\u00eda del municipio de Poza Rica.\u00a0<\/p>\n\n\n\n<p>Manifest\u00f3 que se va contento por su trabajo hecho en la administraci\u00f3n de Cuitl\u00e1huac Garc\u00eda Jim\u00e9nez y record\u00f3 que antes ya hab\u00eda intentado buscar la candidatura para la diputaci\u00f3n local, pero no se pudo.\u00a0<\/p>\n\n\n\n<p>\u201cPero s\u00ed ha sido un inter\u00e9s que se ha tenido ah\u00ed de ayudar a mi municipio\u201d, expres\u00f3.<\/p>\n\n\n\n<p>Al decidir dejar el cargo y no repetir en el presente sexenio, dijo que no teme a ninguna auditor\u00eda, ya que por ley se tienen que practicar tanto de la Auditor\u00eda Superior de la Federaci\u00f3n como del \u00d3rgano de Fiscalizaci\u00f3n Superior.\u00a0<\/p>\n\n\n\n<p>\u201cEstoy tranquilo en ese sentido, va a llegar Miguel Reyes, es economista y estoy seguro de que har\u00e1 un gran trabajo\u201d, asegur\u00f3 y coment\u00f3 que deja una secretar\u00eda con buenos n\u00fameros luego de haberla recibido en crisis.<\/p>\n\n\n\n<p>Reiter\u00f3 que dejar\u00e1 buenos n\u00fameros a la siguiente administraci\u00f3n, adem\u00e1s record\u00f3 que habr\u00e1 alrededor de 10 mil millones de pesos que servir\u00e1 para el pago de quincenas y aguinaldos del mes de diciembre para los trabajadores.\u00a0<\/p>\n\n\n\n<p>Incluso estim\u00f3 que se podr\u00edan dejar mayores recursos para que arranque la gobernadora Roc\u00edo Nahle, aunque no precis\u00f3 cu\u00e1nto.\u00a0<\/p>\n\n\n\n<p>De esta manera, rechaz\u00f3 que la nueva administraci\u00f3n tenga que solicitar alg\u00fan cr\u00e9dito a corto plazo para el pago de prestaciones.\u00a0<\/p>\n\n\n\n<p>Lima Franco expuso que el hecho de dejar recursos excedentes para el arranque de la nueva gesti\u00f3n no hab\u00eda sucedido en ninguna otra administraci\u00f3n estatal.\u00a0<\/p>\n\n\n\n<p>Finalmente, agradeci\u00f3 la despedida que le fue hecha por parte de los trabajadores en la Sefiplan, ya que le llevaron mariachis, \u201choy yo me desped\u00ed de los trabajadores de la Sefiplan y pues, satisfecho del trabajo hecho\u201d.<\/p>\n","protected":false},"excerpt":{"rendered":"<p>Dar\u00edo Pale Xalapa, Ver.- No se queda en Sefiplan para buscar la alcald\u00eda de Poza Rica, le dejar\u00e1 recursos a la gobernadora Roc\u00edo Nahle para el pago de prestaciones de fin de a\u00f1o a trabajadores, as\u00ed lo confirm\u00f3 el\u00a0 secretario de Finanzas y Planeaci\u00f3n (Sefiplan), Jos\u00e9 Luis Lima Franco. Entrevistado en el Congreso del Estado, [&hellip;]<\/p>\n","protected":false},"author":2476,"featured_media":61344,"comment_status":"open","ping_status":"open","sticky":false,"template":"","format":"standard","meta":{"_jetpack_memberships_contains_paid_content":false,"footnotes":""},"categories":[2],"tags":[],"class_list":["post-61343","post","type-post","status-publish","format-standard","has-post-thumbnail","hentry","category-estado"],"jetpack_featured_media_url":"https:\/\/encuentroinformativo.com.mx\/wp-content\/uploads\/2024\/11\/IMG-20241129-WA0046.jpg","jetpack_sharing_enabled":true,"jetpack_likes_enabled":true,"amp_enabled":true,"_links":{"self":[{"href":"https:\/\/encuentroinformativo.com.mx\/index.php?rest_route=\/wp\/v2\/posts\/61343","targetHints":{"allow":["GET"]}}],"collection":[{"href":"https:\/\/encuentroinformativo.com.mx\/index.php?rest_route=\/wp\/v2\/posts"}],"about":[{"href":"https:\/\/encuentroinformativo.com.mx\/index.php?rest_route=\/wp\/v2\/types\/post"}],"author":[{"embeddable":true,"href":"https:\/\/encuentroinformativo.com.mx\/index.php?rest_route=\/wp\/v2\/users\/2476"}],"replies":[{"embeddable":true,"href":"https:\/\/encuentroinformativo.com.mx\/index.php?rest_route=%2Fwp%2Fv2%2Fcomments&post=61343"}],"version-history":[{"count":1,"href":"https:\/\/encuentroinformativo.com.mx\/index.php?rest_route=\/wp\/v2\/posts\/61343\/revisions"}],"predecessor-version":[{"id":61345,"href":"https:\/\/encuentroinformativo.com.mx\/index.php?rest_route=\/wp\/v2\/posts\/61343\/revisions\/61345"}],"wp:featuredmedia":[{"embeddable":true,"href":"https:\/\/encuentroinformativo.com.mx\/index.php?rest_route=\/wp\/v2\/media\/61344"}],"wp:attachment":[{"href":"https:\/\/encuentroinformativo.com.mx\/index.php?rest_route=%2Fwp%2Fv2%2Fmedia&parent=61343"}],"wp:term":[{"taxonomy":"category","embeddable":true,"href":"https:\/\/encuentroinformativo.com.mx\/index.php?rest_route=%2Fwp%2Fv2%2Fcategories&post=61343"},{"taxonomy":"post_tag","embeddable":true,"href":"https:\/\/encuentroinformativo.com.mx\/index.php?rest_route=%2Fwp%2Fv2%2Ftags&post=61343"}],"curies":[{"name":"wp","href":"https:\/\/api.w.org\/{rel}","templated":true}]}}