{"id":61349,"date":"2024-11-29T14:52:34","date_gmt":"2024-11-29T20:52:34","guid":{"rendered":"https:\/\/encuentroinformativo.com.mx\/?p=61349"},"modified":"2024-11-29T14:52:39","modified_gmt":"2024-11-29T20:52:39","slug":"sin-lesionados-en-incendio-de-refineria-de-minatitlan-pc","status":"publish","type":"post","link":"https:\/\/encuentroinformativo.com.mx\/?p=61349","title":{"rendered":"Sin lesionados en incendio de refiner\u00eda de Minatitl\u00e1n: PC"},"content":{"rendered":"\n<p><strong>Dar\u00edo Pale <\/strong><\/p>\n\n\n\n<p>Xalapa, Ver &#8211; Sin lesionados por \u201cconato de incendio\u201d en refiner\u00eda de Minatitl\u00e1n, se espera un nuevo frente fr\u00edo, pero habr\u00e1 condiciones propicias para la toma de protesta de Roc\u00edo Nahle, as\u00ed lo dio a conocer la Secretaria de Protecci\u00f3n Civil del Estado, Guadalupe Osorno Maldonado.<\/p>\n\n\n\n<p>En entrevista recalc\u00f3 que ha habido algunas heladas en municipios del Estado, pero ha habido una recuperaci\u00f3n de las temperaturas desde este jueves, pero adelant\u00f3 que desde este mismo viernes se espera la entrada de otro frente fr\u00edo, por lo que se podr\u00eda a comenzar a resentir sus efectos a partir de este viernes.\u00a0<\/p>\n\n\n\n<p>\u201cVa a haber una disminuci\u00f3n de la temperatura, no tan marcada, pero se va a establecer al norte durante varios d\u00edas, durante el fin de semana, con rachas m\u00e1s bien moderadas, pero vamos a sentir el cambio\u201d, expuso y detall\u00f3 que se emiti\u00f3 un aviso especial, dadas las magnitudes.\u00a0<\/p>\n\n\n\n<p>En ese orden de ideas, adelant\u00f3 que para este domingo, d\u00eda en que rendir\u00e1 protesta la gobernadora electa, Roc\u00edo Nahle Garc\u00eda, habr\u00e1 condiciones propicias para el evento masivo que se llevar\u00e1 a cabo en la plaza Lerdo, as\u00ed como en las inmediaciones del Congreso del Estado.\u00a0<\/p>\n\n\n\n<p>\u201cPodr\u00eda llover, pero ya para la tarde, as\u00ed que el pron\u00f3stico que tenemos es que habr\u00e1 condiciones propicias\u201d, asever\u00f3 y defini\u00f3 que habr\u00e1 operativos de vigilancia en ambos lugares.<\/p>\n\n\n\n<p>En el caso de los fallecimientos por fr\u00edo, la funcionaria indic\u00f3 que la dependencia a su cargo no tiene esa informaci\u00f3n, es competencia de la Secretar\u00eda de Salud, quien podr\u00eda dar informaci\u00f3n al respecto o la Fiscal\u00eda General del Estado.<\/p>\n\n\n\n<p>En otro orden de ideas, confirm\u00f3 que no hubo personas lesionadas por el incendio registrado este jueves por la ma\u00f1ana en la refiner\u00eda \u201cL\u00e1zaro C\u00e1rdenas\u201d, en el municipio de Minatitl\u00e1n.\u00a0<\/p>\n\n\n\n<p>Por \u00faltimo inform\u00f3 que fue la unidad interna de Petr\u00f3leos Mexicanos quien atendi\u00f3 \u201cel conato de incendio\u201d en un \u00e1rea de reserva de material, pero fue atendido con el equipo contraincendios de la paraestatal.\u00a0<\/p>\n","protected":false},"excerpt":{"rendered":"<p>Dar\u00edo Pale Xalapa, Ver &#8211; Sin lesionados por \u201cconato de incendio\u201d en refiner\u00eda de Minatitl\u00e1n, se espera un nuevo frente fr\u00edo, pero habr\u00e1 condiciones propicias para la toma de protesta de Roc\u00edo Nahle, as\u00ed lo dio a conocer la Secretaria de Protecci\u00f3n Civil del Estado, Guadalupe Osorno Maldonado. En entrevista recalc\u00f3 que ha habido algunas [&hellip;]<\/p>\n","protected":false},"author":2476,"featured_media":58570,"comment_status":"open","ping_status":"open","sticky":false,"template":"","format":"standard","meta":{"_jetpack_memberships_contains_paid_content":false,"footnotes":""},"categories":[2],"tags":[],"class_list":["post-61349","post","type-post","status-publish","format-standard","has-post-thumbnail","hentry","category-estado"],"jetpack_featured_media_url":"https:\/\/encuentroinformativo.com.mx\/wp-content\/uploads\/2024\/09\/IMG-20240913-WA0060.jpg","jetpack_sharing_enabled":true,"jetpack_likes_enabled":true,"amp_enabled":true,"_links":{"self":[{"href":"https:\/\/encuentroinformativo.com.mx\/index.php?rest_route=\/wp\/v2\/posts\/61349","targetHints":{"allow":["GET"]}}],"collection":[{"href":"https:\/\/encuentroinformativo.com.mx\/index.php?rest_route=\/wp\/v2\/posts"}],"about":[{"href":"https:\/\/encuentroinformativo.com.mx\/index.php?rest_route=\/wp\/v2\/types\/post"}],"author":[{"embeddable":true,"href":"https:\/\/encuentroinformativo.com.mx\/index.php?rest_route=\/wp\/v2\/users\/2476"}],"replies":[{"embeddable":true,"href":"https:\/\/encuentroinformativo.com.mx\/index.php?rest_route=%2Fwp%2Fv2%2Fcomments&post=61349"}],"version-history":[{"count":1,"href":"https:\/\/encuentroinformativo.com.mx\/index.php?rest_route=\/wp\/v2\/posts\/61349\/revisions"}],"predecessor-version":[{"id":61350,"href":"https:\/\/encuentroinformativo.com.mx\/index.php?rest_route=\/wp\/v2\/posts\/61349\/revisions\/61350"}],"wp:featuredmedia":[{"embeddable":true,"href":"https:\/\/encuentroinformativo.com.mx\/index.php?rest_route=\/wp\/v2\/media\/58570"}],"wp:attachment":[{"href":"https:\/\/encuentroinformativo.com.mx\/index.php?rest_route=%2Fwp%2Fv2%2Fmedia&parent=61349"}],"wp:term":[{"taxonomy":"category","embeddable":true,"href":"https:\/\/encuentroinformativo.com.mx\/index.php?rest_route=%2Fwp%2Fv2%2Fcategories&post=61349"},{"taxonomy":"post_tag","embeddable":true,"href":"https:\/\/encuentroinformativo.com.mx\/index.php?rest_route=%2Fwp%2Fv2%2Ftags&post=61349"}],"curies":[{"name":"wp","href":"https:\/\/api.w.org\/{rel}","templated":true}]}}