{"id":6136,"date":"2020-09-24T15:19:42","date_gmt":"2020-09-24T20:19:42","guid":{"rendered":"https:\/\/encuentroinformativo.com.mx\/?p=6136"},"modified":"2020-09-24T15:20:12","modified_gmt":"2020-09-24T20:20:12","slug":"proximo-sabado-amlo-visitara-xalapa-alcalde","status":"publish","type":"post","link":"https:\/\/encuentroinformativo.com.mx\/?p=6136","title":{"rendered":"Pr\u00f3ximo s\u00e1bado AMLO visitar\u00e1 Xalapa: Alcalde"},"content":{"rendered":"\n<p><strong>Juan Arcos <\/strong><\/p>\n\n\n\n<p>Xalapa, Ver.- El alcalde de Xalapa, Hip\u00f3lito Rodr\u00edguez Herrero, confirm\u00f3 la visita del presidente de la Rep\u00fablica, Andr\u00e9s Manuel L\u00f3pez Obrador, a la regi\u00f3n, este fin de semana.<\/p>\n\n\n\n<p>\u201cS\u00ed, ya est\u00e1 planeado, va a estar aqu\u00ed el s\u00e1bado en la tarde\u201d, expres\u00f3 el edil, previo al banderazo de inicio de la campa\u00f1a Llantat\u00f3n, para el acopio de neum\u00e1ticos en la cochera de Limpia P\u00fablica, ubicada sobre la avenida Enrique C. Rebsamen.<\/p>\n\n\n\n<p>El entrevistado admiti\u00f3 que el mandatario federal encabezar\u00e1 eventos privados en la capital del estado.<\/p>\n\n\n\n<p>Adem\u00e1s, record\u00f3 que L\u00f3pez Obrador ha manifestado p\u00fablicamente su intenci\u00f3n para realizar una evaluaci\u00f3n de los programas de la Secretar\u00eda de Bienestar.<\/p>\n\n\n\n<p>\u201cEn Xalapa, hay una multiplicidad de programas impulsados por esta dependencia, pero no solamente es Xalapa, es la regi\u00f3n\u201d.<\/p>\n\n\n\n<p>Rodr\u00edguez Herrero refiri\u00f3 que la regi\u00f3n comprende entre 30 y 40 municipios, donde se convocar\u00e1 a las autoridades de los programa sociales para que hagan un buen trabajo.<\/p>\n\n\n\n<p>\u201cEl Presidente tiene el inter\u00e9s de verificar que est\u00e9n trabajando bien los programas sociales, ese va a ser el tema de la reuni\u00f3n\u201d.<\/p>\n\n\n\n<p>Finalmente, indic\u00f3 que por la pandemia del SARS-COV-2 (COVID-19) ser\u00e1n pocas las personas que participen en la reuni\u00f3n con el Presidente de la Rep\u00fablica y enfatiz\u00f3 que a\u00fan est\u00e1 por definirse el lugar del encuentro.<\/p>\n","protected":false},"excerpt":{"rendered":"<p>Juan Arcos Xalapa, Ver.- El alcalde de Xalapa, Hip\u00f3lito Rodr\u00edguez Herrero, confirm\u00f3 la visita del presidente de la Rep\u00fablica, Andr\u00e9s Manuel L\u00f3pez Obrador, a la regi\u00f3n, este fin de semana. \u201cS\u00ed, ya est\u00e1 planeado, va a estar aqu\u00ed el s\u00e1bado en la tarde\u201d, expres\u00f3 el edil, previo al banderazo de inicio de la campa\u00f1a Llantat\u00f3n, [&hellip;]<\/p>\n","protected":false},"author":1,"featured_media":6137,"comment_status":"open","ping_status":"open","sticky":false,"template":"","format":"aside","meta":{"_jetpack_memberships_contains_paid_content":false,"footnotes":""},"categories":[3],"tags":[],"class_list":["post-6136","post","type-post","status-publish","format-aside","has-post-thumbnail","hentry","category-xalapa","post_format-post-format-aside"],"jetpack_featured_media_url":"https:\/\/encuentroinformativo.com.mx\/wp-content\/uploads\/2020\/09\/16A5C815-1B14-4DC4-8D09-D09B1567F26C.jpeg","jetpack_sharing_enabled":true,"jetpack_likes_enabled":true,"amp_enabled":true,"_links":{"self":[{"href":"https:\/\/encuentroinformativo.com.mx\/index.php?rest_route=\/wp\/v2\/posts\/6136","targetHints":{"allow":["GET"]}}],"collection":[{"href":"https:\/\/encuentroinformativo.com.mx\/index.php?rest_route=\/wp\/v2\/posts"}],"about":[{"href":"https:\/\/encuentroinformativo.com.mx\/index.php?rest_route=\/wp\/v2\/types\/post"}],"author":[{"embeddable":true,"href":"https:\/\/encuentroinformativo.com.mx\/index.php?rest_route=\/wp\/v2\/users\/1"}],"replies":[{"embeddable":true,"href":"https:\/\/encuentroinformativo.com.mx\/index.php?rest_route=%2Fwp%2Fv2%2Fcomments&post=6136"}],"version-history":[{"count":1,"href":"https:\/\/encuentroinformativo.com.mx\/index.php?rest_route=\/wp\/v2\/posts\/6136\/revisions"}],"predecessor-version":[{"id":6138,"href":"https:\/\/encuentroinformativo.com.mx\/index.php?rest_route=\/wp\/v2\/posts\/6136\/revisions\/6138"}],"wp:featuredmedia":[{"embeddable":true,"href":"https:\/\/encuentroinformativo.com.mx\/index.php?rest_route=\/wp\/v2\/media\/6137"}],"wp:attachment":[{"href":"https:\/\/encuentroinformativo.com.mx\/index.php?rest_route=%2Fwp%2Fv2%2Fmedia&parent=6136"}],"wp:term":[{"taxonomy":"category","embeddable":true,"href":"https:\/\/encuentroinformativo.com.mx\/index.php?rest_route=%2Fwp%2Fv2%2Fcategories&post=6136"},{"taxonomy":"post_tag","embeddable":true,"href":"https:\/\/encuentroinformativo.com.mx\/index.php?rest_route=%2Fwp%2Fv2%2Ftags&post=6136"}],"curies":[{"name":"wp","href":"https:\/\/api.w.org\/{rel}","templated":true}]}}