{"id":61364,"date":"2024-11-29T17:13:29","date_gmt":"2024-11-29T23:13:29","guid":{"rendered":"https:\/\/encuentroinformativo.com.mx\/?p=61364"},"modified":"2024-11-29T17:13:35","modified_gmt":"2024-11-29T23:13:35","slug":"reciben-a-montse-pereyra-ganadora-de-certamen-en-colombia","status":"publish","type":"post","link":"https:\/\/encuentroinformativo.com.mx\/?p=61364","title":{"rendered":"Reciben a Montse Pereyra ganadora de certamen en Colombia"},"content":{"rendered":"\n<p><strong>Alejandro \u00c1vila<\/strong><\/p>\n\n\n\n<p>Veracruz, Ver.- Procedente de Bucaramanga, Colombia, lleg\u00f3 a Veracruz Montserrat Pereyra, ganadora del certamen de belleza Reina Mundial de la Pi\u00f1a 2024, siendo recibida en una concurrida conferencia de prensa donde expres\u00f3 su sentir sobre este triunfo.<\/p>\n\n\n\n<p>La veracruzana dijo estar emocionada y feliz de ser la primera mexicana en ganar esta corona la cual representa mucho para M\u00e9xico y en especial para Veracruz por ser el principal productor y exportador de pi\u00f1a en M\u00e9xico.<\/p>\n\n\n\n<p>&#8220;Esta corona la dedico a M\u00e9xico, a Veracruz, a todas las mujeres mexicanas que nos estamos abriendo paso en un mundo productivo en d\u00f3nde las mujeres tenemos m\u00e1s visibilidad en todos los \u00e1mbitos&#8221;, coment\u00f3 la flamante reina de belleza durante la rueda de prensa efectuada en el Hotel Veracruz Centro Hist\u00f3rico.<\/p>\n\n\n\n<p>Asimismo agradeci\u00f3 a todo su equipo, a su director nacional Paul Marsell y a sus directores estatales, Jes\u00fas Montoya y Paco Morales, a todos sus dise\u00f1adores y patrocinadores, en especial a la empresa productora y exportadora de pi\u00f1a ORIGNES, que dirige Martha Bel\u00e9n Ruiz Esparza.<\/p>\n\n\n\n<p>Cabe destacar que adem\u00e1s de ganar el reinado mundial por encima de las representantes de Ecuador y Colombia, Montse Pereyra obtuvo el segundo lugar en la semifinal de Mejor Traje T\u00edpico y Top 3 en la semifinal de Mejor Vestido de Fantas\u00eda inspirado en la pi\u00f1a.<\/p>\n\n\n\n<p>La reina de belleza estuvo acompa\u00f1ada en la conferencia de prensa por Martha Bel\u00e9n Ruiz Esparza y Edher Crivelli, directores de la empresa productora y exportadora de pi\u00f1a ORIGNES; Jes\u00fas Montoya, director de Miss Earth Veracruz, con la representaci\u00f3n de Paul Marsell, director nacional de Miss Earth M\u00e9xico y de Reina Mundial de la Pi\u00f1a M\u00e9xico y Paco Morales, subdirector y publirrelacionista de Miss Earth.<\/p>\n\n\n\n<p>Cabe destacar algunos logros, en siete a\u00f1os, de la organizaci\u00f3n Miss Earth Veracruz, a cargo de sus directores Jes\u00fas Montoya y Paco Morales: Dos coronas nacionales de Miss Earth M\u00e9xico en menos de siete a\u00f1os; as\u00ed como una Miss Globe M\u00e9xico; una Miss Eco M\u00e9xico; 2 Reina Mundial de la Pi\u00f1a M\u00e9xico; una Reina Mundial del Pl\u00e1tano M\u00e9xico; una Miss Turismo Intercultural M\u00e9xico; 2 Se\u00f1orita M\u00e9xico; as\u00ed como Reinas elementales (Aire, Agua y Fuego); un sinf\u00edn de clasificaciones como Elegancia, Fotog\u00e9nica, Simpat\u00eda y la m\u00e9dula principal del certamen que el Proyecto Ecol\u00f3gico, y ahora se suma la corona internacional del Reinado Mundial de la Pi\u00f1a trayendo para M\u00e9xico la primera corona de este certamen de belleza que tiene como sede Colombia.<\/p>\n\n\n\n<p>SOBRE MONTSERRAT PEREYRA<\/p>\n\n\n\n<p>Montserrat Gonz\u00e1lez Pereyra, Miss Earth Veracruz, es originaria de Boca del R\u00edo. Cuenta con 23 a\u00f1os de edad, es estudiante de la licenciatura en Mercadotecnia y Publicidad y actualmente lleva 8 a\u00f1os como modelo profesional, en los cuales ha modelado y posado para dise\u00f1adores nacionales e internacionales.<\/p>\n\n\n\n<p>Representando a Veracruz en el certamen nacional Miss Earth M\u00e9xico 2023, gan\u00f3 varios retos, entre ellos el 2\u00ba lugar en el en el Fashion Show \u201cModa Creativa\u201d y en la gala final fue electa por la prensa del sureste mexicano como Miss Earth M\u00e9xico Fotog\u00e9nica. Asimismo fue la imagen oficial de la tercera edici\u00f3n del Weekend In Fashion M\u00e9xico.<\/p>\n","protected":false},"excerpt":{"rendered":"<p>Alejandro \u00c1vila Veracruz, Ver.- Procedente de Bucaramanga, Colombia, lleg\u00f3 a Veracruz Montserrat Pereyra, ganadora del certamen de belleza Reina Mundial de la Pi\u00f1a 2024, siendo recibida en una concurrida conferencia de prensa donde expres\u00f3 su sentir sobre este triunfo. La veracruzana dijo estar emocionada y feliz de ser la primera mexicana en ganar esta corona [&hellip;]<\/p>\n","protected":false},"author":2476,"featured_media":61365,"comment_status":"open","ping_status":"open","sticky":false,"template":"","format":"standard","meta":{"_jetpack_memberships_contains_paid_content":false,"footnotes":""},"categories":[2],"tags":[],"class_list":["post-61364","post","type-post","status-publish","format-standard","has-post-thumbnail","hentry","category-estado"],"jetpack_featured_media_url":"https:\/\/encuentroinformativo.com.mx\/wp-content\/uploads\/2024\/11\/IMG-20241129-WA0082.jpg","jetpack_sharing_enabled":true,"jetpack_likes_enabled":true,"amp_enabled":true,"_links":{"self":[{"href":"https:\/\/encuentroinformativo.com.mx\/index.php?rest_route=\/wp\/v2\/posts\/61364","targetHints":{"allow":["GET"]}}],"collection":[{"href":"https:\/\/encuentroinformativo.com.mx\/index.php?rest_route=\/wp\/v2\/posts"}],"about":[{"href":"https:\/\/encuentroinformativo.com.mx\/index.php?rest_route=\/wp\/v2\/types\/post"}],"author":[{"embeddable":true,"href":"https:\/\/encuentroinformativo.com.mx\/index.php?rest_route=\/wp\/v2\/users\/2476"}],"replies":[{"embeddable":true,"href":"https:\/\/encuentroinformativo.com.mx\/index.php?rest_route=%2Fwp%2Fv2%2Fcomments&post=61364"}],"version-history":[{"count":1,"href":"https:\/\/encuentroinformativo.com.mx\/index.php?rest_route=\/wp\/v2\/posts\/61364\/revisions"}],"predecessor-version":[{"id":61366,"href":"https:\/\/encuentroinformativo.com.mx\/index.php?rest_route=\/wp\/v2\/posts\/61364\/revisions\/61366"}],"wp:featuredmedia":[{"embeddable":true,"href":"https:\/\/encuentroinformativo.com.mx\/index.php?rest_route=\/wp\/v2\/media\/61365"}],"wp:attachment":[{"href":"https:\/\/encuentroinformativo.com.mx\/index.php?rest_route=%2Fwp%2Fv2%2Fmedia&parent=61364"}],"wp:term":[{"taxonomy":"category","embeddable":true,"href":"https:\/\/encuentroinformativo.com.mx\/index.php?rest_route=%2Fwp%2Fv2%2Fcategories&post=61364"},{"taxonomy":"post_tag","embeddable":true,"href":"https:\/\/encuentroinformativo.com.mx\/index.php?rest_route=%2Fwp%2Fv2%2Ftags&post=61364"}],"curies":[{"name":"wp","href":"https:\/\/api.w.org\/{rel}","templated":true}]}}