{"id":61381,"date":"2024-11-29T21:11:16","date_gmt":"2024-11-30T03:11:16","guid":{"rendered":"https:\/\/encuentroinformativo.com.mx\/?p=61381"},"modified":"2024-11-29T21:11:22","modified_gmt":"2024-11-30T03:11:22","slug":"recibe-lxvii-legislatura-comparecencia-del-gobernador-del-estado","status":"publish","type":"post","link":"https:\/\/encuentroinformativo.com.mx\/?p=61381","title":{"rendered":"Recibe LXVII Legislatura comparecencia del Gobernador del estado"},"content":{"rendered":"\n<p><strong>* Presentan diputadas y diputados cuestionamientos al titular del Ejecutivo con motivo del Sexto Informe de Gobierno.<\/strong><\/p>\n\n\n\n<p>Xalapa, Ver.- En cumplimiento de lo que mandata el segundo p\u00e1rrafo de la fracci\u00f3n XXI del Art\u00edculo 49 de la Constituci\u00f3n Pol\u00edtica local, el Pleno de la LXVII Legislatura recibi\u00f3 en el Palacio Legislativo al gobernador del estado de Veracruz de Ignacio de la Llave, Cuitl\u00e1huac Garc\u00eda\u00a0 Jim\u00e9nez, quien acudi\u00f3 ante esta Soberan\u00eda para ampliar el contenido del Sexto Informe de la situaci\u00f3n que guarda la administraci\u00f3n p\u00fablica de la entidad.<\/p>\n\n\n\n<p>La presidente de la Mesa Directiva, diputada Tanya Carola Viveros Ch\u00e1zaro, design\u00f3 a los diputados Esteban Bautista Hern\u00e1ndez, presidente de la Junta de Coordinaci\u00f3n Pol\u00edtica, Carlos Marcelo Ruiz S\u00e1nchez, Ram\u00f3n D\u00edaz \u00c1vila y Enrique Cambranis Torres, coordinadores de los grupos legislativos de los partidos Morena, Verde Ecologista de M\u00e9xico (PVEM), Del Trabajo (PT) y Acci\u00f3n Nacional (PAN) para integrar la comisi\u00f3n de cortes\u00eda que acompa\u00f1\u00f3 y condujo al mandatario hasta el interior del Recinto Oficial de Sesiones.<\/p>\n\n\n\n<p>En su mensaje dirigido a las y los veracruzanos representados en este Congreso, el mandatario manifest\u00f3 que, con observancia del mandato constitucional, el pasado 15 de noviembre, entreg\u00f3 a esta Soberan\u00eda el Sexto Informe de su administraci\u00f3n, cuya versi\u00f3n completa, dijo, est\u00e1 disponible en la p\u00e1gina web&nbsp;<a href=\"https:\/\/www.veracruz.gob.mx\/\" target=\"_blank\" rel=\"noreferrer noopener\">https:\/\/www.veracruz.gob.mx\/<\/a>, accesible para quien desee conocerlo a detalle.<\/p>\n\n\n\n<p>El titular del Ejecutivo a\u00f1adi\u00f3 a esto la creaci\u00f3n de la plataforma denominada Observatorio de Pol\u00edticas P\u00fablicas y Obras, que obtuvo el primer lugar nacional de transparencia, por el que se puede conocer, con fotograf\u00edas, todas las obras realizadas durante este sexenio en el territorio estatal y el lugar exacto donde se encuentran.<\/p>\n\n\n\n<p>Desde la tribuna, el Gobernador del estado expres\u00f3 su disposici\u00f3n a responder los cuestionamientos de las diputadas y los diputados, que \u201cpermitir\u00e1n aclarar aun m\u00e1s lo que en reiteradas ocasiones les ha sido expuesto e informado\u201d, a lo que sum\u00f3 las comparecencias de las y los integrantes del gabinete estatal, que se realizaron del lunes 18 al jueves 28 de este mes ante las comisiones respectivas de este Congreso.<\/p>\n\n\n\n<p>En presencia de la presidenta del Tribunal Superior de Justicia y del Consejo de la Judicatura, magistrada Lisbeth Aurelia Jim\u00e9nez Aguirre, de titulares de las dependencias estatales y de los organismos aut\u00f3nomos, autoridades, navales, militares y municipales y p\u00fablico en general, el mandatario respondi\u00f3 las preguntas de las y los integrantes de la LXVII Legislatura.<\/p>\n\n\n\n<p><strong>Participaci\u00f3n de diputadas y diputados<\/strong><\/p>\n\n\n\n<p>En la primera intervenci\u00f3n, por el Grupo Legislativo de Morena, la diputada Dorheny Garc\u00eda Cayetano reconoci\u00f3 los resultados de este gobierno en materia de seguridad p\u00fablica, reducci\u00f3n de la pobreza, estructura y desarrollo, salud, gesti\u00f3n financiera, crecimiento tur\u00edstico, agropecuario y educativo, entre otros.<\/p>\n\n\n\n<p>La legisladora pregunt\u00f3 por las garant\u00edas para dar continuidad a los programas sociales, los mecanismos utilizados para priorizar las comunidades beneficiadas con proyectos de inversi\u00f3n, las estrategias utilizadas para la reducci\u00f3n de los delitos de alto impacto, acciones para asegurar que las finanzas permanezcan s\u00f3lidas tras la reducci\u00f3n de la deuda estatal y el papel que jugar\u00e1n las iniciativas para el desarrollo sostenible del estado.<\/p>\n\n\n\n<p>En respuesta, el Ejecutivo destac\u00f3 la disminuci\u00f3n de los delitos de alto impacto, la atenci\u00f3n a las causas de la pobreza, el apoyo a las y los j\u00f3venes veracruzanos a trav\u00e9s de programas sociales, las Mesas para la Construcci\u00f3n de la Paz y que 140 jefes de plaza est\u00e9n detenidos y\/o en proceso judicial.<\/p>\n\n\n\n<p>Asegur\u00f3 que su gobierno logr\u00f3 una reducci\u00f3n de la deuda de m\u00e1s de 21 mil millones de pesos (mdp) e invirti\u00f3 en obras p\u00fablicas, hospitales y pendientes sociales; mencion\u00f3 la atracci\u00f3n de empresas en el ramo tur\u00edstico y visitantes, as\u00ed como la realizaci\u00f3n de eventos como Salsa Fest, Costa Esmeralda Fest, Cumbre Olmeca y Cumbre Taj\u00edn.<\/p>\n\n\n\n<p>Al presentar sus cuestionamientos, el diputado Carlos Marcelo Ruiz S\u00e1nchez, del Grupo Legislativo del PVEM, solicit\u00f3 enumerar algunos logros en cuanto a conservaci\u00f3n y sostenibilidad del medio ambiente, avances en los programas de desarrollo social destinados a los sectores m\u00e1s vulnerables y obras en infraestructura m\u00e1s significativas en el sexenio.<\/p>\n\n\n\n<p>El Ejecutivo indic\u00f3 que, en coordinaci\u00f3n con la Procuradur\u00eda Estatal de Protecci\u00f3n al Medio Ambiente (PMA), se implementaron estrategias para la regulaci\u00f3n de terrenos para el desecho de residuos s\u00f3lidos, adem\u00e1s de la inversi\u00f3n para la instalaci\u00f3n de cinco centros de transferencia. Se dio prioridad a la fauna v\u00edctima de tr\u00e1fico de vida silvestre, con la inauguraci\u00f3n de centros de atenci\u00f3n especializada como Naturalia en esta ciudad.<\/p>\n\n\n\n<p>En materia de desarrollo social, inform\u00f3 la electrificaci\u00f3n de comunidades de alta marginaci\u00f3n, la implementaci\u00f3n de captadores de agua pluvial, potabilizaci\u00f3n y sistemas de potabilizaci\u00f3n y la pavimentaci\u00f3n de tramos carreteros rurales a los que nunca se hab\u00eda llegado, como el Zontecomatl\u00e1n-Ilamatl\u00e1n.<\/p>\n\n\n\n<p>En tercer t\u00e9rmino, el legislador Ram\u00f3n D\u00edaz \u00c1vila, del Grupo Legislativo del PT, reconoci\u00f3 el trabajo en los \u00faltimos seis a\u00f1os para abatir la deuda p\u00fablica, la aplicaci\u00f3n de los recursos en las zonas rurales, el apoyo a los sectores vulnerables a trav\u00e9s de programas sociales y la tranquilidad en que transcurri\u00f3 el proceso electoral de este a\u00f1o. Asimismo, solicit\u00f3 al Ejecutivo estatal exponer los principales retos que afrontar\u00e1 la siguiente administraci\u00f3n y los cambios sustantivos realizados en los pueblos originarios.<\/p>\n\n\n\n<p>El Gobernador reconoci\u00f3 que seguir abatiendo la pobreza es uno de los retos pendientes, sin embargo mencion\u00f3 los programas sociales como medida de apoyo emergente para rescatar de la pobreza a miles de veracruzanos. Indic\u00f3 que algunos de los cambios sustantivos en este gobierno fue la inversi\u00f3n en la infraestructura hospitalaria&nbsp; y carretera.<\/p>\n\n\n\n<p>Por el Grupo Legislativo del PAN, la diputada Indira de Jes\u00fas Rosales San Rom\u00e1n dijo que los \u00edndices de inseguridad en Veracruz son altos, la deuda p\u00fablica increment\u00f3, los servicios de salud y la cobertura educativa son insuficientes; aunado a que la infrestructura carretera no es de calidad.<\/p>\n\n\n\n<p>En respuesta, el Ejecutivo subray\u00f3 que, m\u00e1s all\u00e1 de las diferencias ideol\u00f3gicas, debe reconocerse las obras realizadas. Expuso que la procuraci\u00f3n de justicia corresponde a un organismo aut\u00f3nomo y subray\u00f3 que su gobierno increment\u00f3 la cobertura educativa y ejemplific\u00f3 la ampliaci\u00f3n de los tecnol\u00f3gicos de Xalapa y Medell\u00edn; se pag\u00f3 la deuda de la Universidad Veracruzana (UV) y se dio un mayor impulso para que mujeres ocupen cargos de toma de decisiones; adem\u00e1s de que la deuda p\u00fablica fue reducida.<\/p>\n\n\n\n<p>Posteriormente, el diputado del Partido Revolucionario Institucional (PRI) H\u00e9ctor Yunes Landa refiri\u00f3 datos sobre la percepci\u00f3n ciudadana de seguridad, del nivel de crecimiento econ\u00f3mico y de progreso social; la dificultad para acceder a los servicios de salud y educaci\u00f3n, la transparencia en la asignaci\u00f3n de contratos y los recursos devueltos a la Federaci\u00f3n por subejercicios.<\/p>\n\n\n\n<p>A su vez, el gobernador Cuitl\u00e1huac Garc\u00eda indic\u00f3 que sus respuestas van en el mismo sentido de lo expuesto por las y los titulares de las dependencias en las comparecencias, que no habr\u00e1 devoluci\u00f3n de recursos, que hay pagos pr\u00f3ximos de n\u00f3minas, que siempre ha estado dispuesto al escrutinio p\u00fablico y legal y que est\u00e1 a la vista de todos la obra realizada por su administraci\u00f3n as\u00ed como su patrimonio.<\/p>\n\n\n\n<p>Por el partido Movimiento Ciudadano (MC), la diputada Mar\u00eda Elena C\u00f3rdova Molina consider\u00f3 que el gobierno incumpli\u00f3 con atender la desaparici\u00f3n de personas, con las obras y caminos rurales; reconoci\u00f3 la creaci\u00f3n de la Secretar\u00eda de Cultura (Secver), pero que falt\u00f3 atenci\u00f3n a los afectados por contingencias climatol\u00f3gicas y a la seguridad, y cuestion\u00f3 la asignaci\u00f3n de recursos a la remodelaci\u00f3n del estadio Luis \u201cPirata\u201d Fuente.<\/p>\n\n\n\n<p>El mandatario precis\u00f3 que cuando recibi\u00f3 el gobierno la Comisi\u00f3n Estatal de B\u00fasqueda no ten\u00eda presupuesto y que ese organismo hoy cuenta con 236 mdp, se destinaron mayores recursos a la Fiscal\u00eda General del Estado (FGE) para atender casos y se asign\u00f3 el personal necesario. Agreg\u00f3 que en la pandemia era necesario ocupar dicho estadio y con base en el diagn\u00f3stico se determin\u00f3 remodelarlo en tres etapas.<\/p>\n\n\n\n<p>Para concluir la comparecencia del Gobernador del estado, la presidente de la Mesa Directiva, diputada Tanya Carola Viveros Ch\u00e1zaro, hizo uso de la tribuna, desde donde se\u00f1al\u00f3 la diferencia entre pagar servicios privatizados para resolver lo inmediato e invertir a futuro para fortalecer el patrimonio del estado con obras en municipios, cl\u00ednicas y centros de salud e infraestructura propia.<\/p>\n\n\n\n<p>Asegur\u00f3 que, si bien los retos han sido muchos, con trabajo comprometido el camino ser\u00e1 m\u00e1s s\u00f3lido, con grandes oportunidades de acelerarse para dejar atr\u00e1s todo lo que frenaba el avance de Veracruz, tarea que ahora es de todas y todos, \u201cde quienes tenemos nuestra convicci\u00f3n puesta en el desarrollo con bienestar de nuestro estado\u201d.<\/p>\n\n\n\n<p>\u201cNo dudamos que continuaremos este camino con voluntad, visi\u00f3n, compromiso y mucho amor por Veracruz\u201d, finaliz\u00f3.<\/p>\n\n\n\n<figure class=\"wp-block-image size-large\"><img loading=\"lazy\" decoding=\"async\" width=\"1024\" height=\"684\" src=\"https:\/\/encuentroinformativo.com.mx\/wp-content\/uploads\/2024\/11\/NOV29NOV2024COMPARECENCIAGOBERNADOR1-1024x684.jpeg\" alt=\"\" class=\"wp-image-61383\" srcset=\"https:\/\/encuentroinformativo.com.mx\/wp-content\/uploads\/2024\/11\/NOV29NOV2024COMPARECENCIAGOBERNADOR1-1024x684.jpeg 1024w, https:\/\/encuentroinformativo.com.mx\/wp-content\/uploads\/2024\/11\/NOV29NOV2024COMPARECENCIAGOBERNADOR1-300x200.jpeg 300w, https:\/\/encuentroinformativo.com.mx\/wp-content\/uploads\/2024\/11\/NOV29NOV2024COMPARECENCIAGOBERNADOR1-768x513.jpeg 768w, https:\/\/encuentroinformativo.com.mx\/wp-content\/uploads\/2024\/11\/NOV29NOV2024COMPARECENCIAGOBERNADOR1-1536x1025.jpeg 1536w, https:\/\/encuentroinformativo.com.mx\/wp-content\/uploads\/2024\/11\/NOV29NOV2024COMPARECENCIAGOBERNADOR1.jpeg 1600w\" sizes=\"auto, (max-width: 1024px) 100vw, 1024px\" \/><\/figure>\n","protected":false},"excerpt":{"rendered":"<p>* Presentan diputadas y diputados cuestionamientos al titular del Ejecutivo con motivo del Sexto Informe de Gobierno. Xalapa, Ver.- En cumplimiento de lo que mandata el segundo p\u00e1rrafo de la fracci\u00f3n XXI del Art\u00edculo 49 de la Constituci\u00f3n Pol\u00edtica local, el Pleno de la LXVII Legislatura recibi\u00f3 en el Palacio Legislativo al gobernador del estado [&hellip;]<\/p>\n","protected":false},"author":2476,"featured_media":61382,"comment_status":"open","ping_status":"open","sticky":false,"template":"","format":"standard","meta":{"_jetpack_memberships_contains_paid_content":false,"footnotes":""},"categories":[2],"tags":[],"class_list":["post-61381","post","type-post","status-publish","format-standard","has-post-thumbnail","hentry","category-estado"],"jetpack_featured_media_url":"https:\/\/encuentroinformativo.com.mx\/wp-content\/uploads\/2024\/11\/NOV29NOV2024COMPARECENCIAGOBERNADOR4.jpeg","jetpack_sharing_enabled":true,"jetpack_likes_enabled":true,"amp_enabled":true,"_links":{"self":[{"href":"https:\/\/encuentroinformativo.com.mx\/index.php?rest_route=\/wp\/v2\/posts\/61381","targetHints":{"allow":["GET"]}}],"collection":[{"href":"https:\/\/encuentroinformativo.com.mx\/index.php?rest_route=\/wp\/v2\/posts"}],"about":[{"href":"https:\/\/encuentroinformativo.com.mx\/index.php?rest_route=\/wp\/v2\/types\/post"}],"author":[{"embeddable":true,"href":"https:\/\/encuentroinformativo.com.mx\/index.php?rest_route=\/wp\/v2\/users\/2476"}],"replies":[{"embeddable":true,"href":"https:\/\/encuentroinformativo.com.mx\/index.php?rest_route=%2Fwp%2Fv2%2Fcomments&post=61381"}],"version-history":[{"count":1,"href":"https:\/\/encuentroinformativo.com.mx\/index.php?rest_route=\/wp\/v2\/posts\/61381\/revisions"}],"predecessor-version":[{"id":61384,"href":"https:\/\/encuentroinformativo.com.mx\/index.php?rest_route=\/wp\/v2\/posts\/61381\/revisions\/61384"}],"wp:featuredmedia":[{"embeddable":true,"href":"https:\/\/encuentroinformativo.com.mx\/index.php?rest_route=\/wp\/v2\/media\/61382"}],"wp:attachment":[{"href":"https:\/\/encuentroinformativo.com.mx\/index.php?rest_route=%2Fwp%2Fv2%2Fmedia&parent=61381"}],"wp:term":[{"taxonomy":"category","embeddable":true,"href":"https:\/\/encuentroinformativo.com.mx\/index.php?rest_route=%2Fwp%2Fv2%2Fcategories&post=61381"},{"taxonomy":"post_tag","embeddable":true,"href":"https:\/\/encuentroinformativo.com.mx\/index.php?rest_route=%2Fwp%2Fv2%2Ftags&post=61381"}],"curies":[{"name":"wp","href":"https:\/\/api.w.org\/{rel}","templated":true}]}}