{"id":6139,"date":"2020-09-24T16:52:22","date_gmt":"2020-09-24T21:52:22","guid":{"rendered":"https:\/\/encuentroinformativo.com.mx\/?p=6139"},"modified":"2020-09-27T03:39:53","modified_gmt":"2020-09-27T08:39:53","slug":"por-el-medio-ambiente-inician-acopio-de-llantas-usadas","status":"publish","type":"post","link":"https:\/\/encuentroinformativo.com.mx\/?p=6139","title":{"rendered":"Por el medio ambiente, inician acopio de llantas usadas"},"content":{"rendered":"\n<p><strong>Juan Arcos\/Dar\u00edo Pale <\/strong><\/p>\n\n\n\n<p>Xalapa, Ver.- Autoridades estatales y municipales pusieron en marcha la campa\u00f1a \u201cLlantot\u00f3n\u201d, para recolectar neum\u00e1ticos en Xalapa, con un enfoque de salud y sustentable.<\/p>\n\n\n\n<p>La titular de la Secretar\u00eda de Medio Ambiente (Sedema), Mar\u00eda del Roc\u00edo P\u00e9rez P\u00e9rez, dio a conocer que se busca acopiar unas 30 toneladas de llantas, de este jueves 24 de septiembre al pr\u00f3ximo lunes.<\/p>\n\n\n\n<p>El centro de acopio se encuentra en la cochera municipal de Limpia P\u00fablica, ubicada sobre la&nbsp;<a href=\"https:\/\/www.google.com\/maps\/search\/avenida+Enrique+C.+R%C3%A9bsamen+n%C3%BAmero+133?entry=gmail&amp;source=g\">avenida Enrique C. R\u00e9bsamen n\u00famero 133<\/a>, en la unidad habitacional Xalapa 2000.<\/p>\n\n\n\n<p>La funcionaria estatal indic\u00f3 que ser\u00e1n instalados ocho puntos m\u00e1s para el acopio de dichos desechos en los municipios de Banderilla, Coatepec, Emiliano Zapata, Jilotepec y Teocelo.<\/p>\n\n\n\n<p>\u201cVamos a seguir trabajando en las diferentes regiones como Poza Rica y Cosamaloapan\u201d, a\u00f1adi\u00f3 la Secretaria de Medio Ambiente.<\/p>\n\n\n\n<p>La entrevistada mencion\u00f3 que el objetivo primordial es evitar casos de dengue en la entidad con el acumulamiento de llantas en las viviendas.<\/p>\n\n\n\n<p>Las llantas ser\u00e1n trasladadas a la cementera de la empresa <em>Holcim M\u00e9xico<\/em>, ubicada en el municipio de Ixtaczoquitl\u00e1n, donde ser\u00e1n utilizadas para el aprovechamiento energ\u00e9tico.<\/p>\n\n\n\n<p>Los representantes de dicha compa\u00f1\u00eda comentaron que los neum\u00e1ticos ser\u00e1n triturados, para combinarse con otros residuos y obtener un combustible alternativo.<\/p>\n\n\n\n<p>Del mismo modo, la secretar\u00eda de medio ambiente dijo que est\u00e1n  procurando que los centros de acopio est\u00e9n cerca a la planta de tratamiento por lo que est\u00e1n buscando trabajar con otros municipios del estado de la zona sur del estado que se trasladar\u00edan al estado de Tabasco y facilitar la distancia.<\/p>\n\n\n\n<p>Finalmente la funcionaria estatal dio a conocer que con estas acciones colaboran en la salud de los veracruzanos combatiendo el dengue, Zika, el cual prevalece en Veracruz y con la secretar\u00eda  de salud para que impulsen estas acciones.&nbsp;<\/p>\n","protected":false},"excerpt":{"rendered":"<p>Juan Arcos\/Dar\u00edo Pale Xalapa, Ver.- Autoridades estatales y municipales pusieron en marcha la campa\u00f1a \u201cLlantot\u00f3n\u201d, para recolectar neum\u00e1ticos en Xalapa, con un enfoque de salud y sustentable. La titular de la Secretar\u00eda de Medio Ambiente (Sedema), Mar\u00eda del Roc\u00edo P\u00e9rez P\u00e9rez, dio a conocer que se busca acopiar unas 30 toneladas de llantas, de este [&hellip;]<\/p>\n","protected":false},"author":1,"featured_media":6140,"comment_status":"open","ping_status":"open","sticky":false,"template":"","format":"standard","meta":{"_jetpack_memberships_contains_paid_content":false,"footnotes":""},"categories":[3],"tags":[],"class_list":["post-6139","post","type-post","status-publish","format-standard","has-post-thumbnail","hentry","category-xalapa"],"jetpack_featured_media_url":"https:\/\/encuentroinformativo.com.mx\/wp-content\/uploads\/2020\/09\/A9A6B2C1-F2DD-43B8-BC84-12F9D5356267.jpeg","jetpack_sharing_enabled":true,"jetpack_likes_enabled":true,"amp_enabled":true,"_links":{"self":[{"href":"https:\/\/encuentroinformativo.com.mx\/index.php?rest_route=\/wp\/v2\/posts\/6139","targetHints":{"allow":["GET"]}}],"collection":[{"href":"https:\/\/encuentroinformativo.com.mx\/index.php?rest_route=\/wp\/v2\/posts"}],"about":[{"href":"https:\/\/encuentroinformativo.com.mx\/index.php?rest_route=\/wp\/v2\/types\/post"}],"author":[{"embeddable":true,"href":"https:\/\/encuentroinformativo.com.mx\/index.php?rest_route=\/wp\/v2\/users\/1"}],"replies":[{"embeddable":true,"href":"https:\/\/encuentroinformativo.com.mx\/index.php?rest_route=%2Fwp%2Fv2%2Fcomments&post=6139"}],"version-history":[{"count":2,"href":"https:\/\/encuentroinformativo.com.mx\/index.php?rest_route=\/wp\/v2\/posts\/6139\/revisions"}],"predecessor-version":[{"id":6225,"href":"https:\/\/encuentroinformativo.com.mx\/index.php?rest_route=\/wp\/v2\/posts\/6139\/revisions\/6225"}],"wp:featuredmedia":[{"embeddable":true,"href":"https:\/\/encuentroinformativo.com.mx\/index.php?rest_route=\/wp\/v2\/media\/6140"}],"wp:attachment":[{"href":"https:\/\/encuentroinformativo.com.mx\/index.php?rest_route=%2Fwp%2Fv2%2Fmedia&parent=6139"}],"wp:term":[{"taxonomy":"category","embeddable":true,"href":"https:\/\/encuentroinformativo.com.mx\/index.php?rest_route=%2Fwp%2Fv2%2Fcategories&post=6139"},{"taxonomy":"post_tag","embeddable":true,"href":"https:\/\/encuentroinformativo.com.mx\/index.php?rest_route=%2Fwp%2Fv2%2Ftags&post=6139"}],"curies":[{"name":"wp","href":"https:\/\/api.w.org\/{rel}","templated":true}]}}