{"id":61398,"date":"2024-11-30T13:45:38","date_gmt":"2024-11-30T19:45:38","guid":{"rendered":"https:\/\/encuentroinformativo.com.mx\/?p=61398"},"modified":"2024-11-30T13:45:44","modified_gmt":"2024-11-30T19:45:44","slug":"xalapa-seguira-en-buenas-manos-ricardo-ahued","status":"publish","type":"post","link":"https:\/\/encuentroinformativo.com.mx\/?p=61398","title":{"rendered":"Xalapa seguir\u00e1 en buenas manos: Ricardo Ahued"},"content":{"rendered":"\n<p><strong>Dar\u00edo Pale <\/strong><\/p>\n\n\n\n<p>Xalapa, Ver.- El ahora exalcalde de Xalapa, Ricardo Ahued Bardahuil se\u00f1al\u00f3 que, Xalapa seguir\u00e1 caminando con una gran persona, honesta y humana asegur\u00f3 luego de entregar a Alberto Islas Reyes la presidencia municipal de Xalapa.\u00a0<\/p>\n\n\n\n<p>Durante su mensaje coment\u00f3 que, \u201cva a estar Xalapa representado por una gran persona, por un ser humano que viene con honradez, con \u00e9tica, con principios que es lo que requiere la funci\u00f3n p\u00fablica, donde combatamos al 100 por ciento la simulaci\u00f3n, la hipocres\u00eda de hacer y de repente ofrecer y hacer otras cosas\u201d.<\/p>\n\n\n\n<p>En la sesi\u00f3n extraordinaria de Cabildo celebrada este s\u00e1bado en el patio central del palacio municipal, Ahued Bardahuil dijo que para \u00e9l signific\u00f3 un honor el que lo supliera en funciones, su amigo y un abogado eficiente en varias luchas pol\u00edticas y municipales.\u00a0<\/p>\n\n\n\n<p>\u201cConoc\u00ed hace muchos a\u00f1os a don Alberto. Asesor, consejero, profesional de la materia que domina, como uno de los mejores abogados, acad\u00e9mico y en lo familiar, un buen amigo. Gracias a \u00e9l se pudo salvar CMAS, gracias a \u00e9l combat\u00ed un juicio tremendo contra el patrimonio legal y \u00e9l fue el responsable de cuidarnos y que se lograra la licencia de un organismo que estaba\u2026 Gracias a \u00e9l yo no fui desaforado, de ese tama\u00f1o es la historia con don Alberto, porque por defender el patrimonio hace muchos a\u00f1os, de la ciudad, siendo alcalde, fui demandado y a punto de ser desaforado y gracias a \u00e9l estoy aqu\u00ed hablando\u201d, coment\u00f3.<\/p>\n\n\n\n<p>Le reconoci\u00f3 as\u00ed su gesti\u00f3n como director Jur\u00eddico del Ayuntamiento, pero tambi\u00e9n como abogado personal, \u201cla historia nos une m\u00e1s all\u00e1 de un tema de compa\u00f1erismo pol\u00edtico laboral. Tambi\u00e9n en mis cargos p\u00fablicos, cuando inici\u00e9 o intent\u00e9 participar en la pol\u00edtica, fue un consejero, como hermano, extraordinario\u201d.\u00a0<\/p>\n\n\n\n<p>Ricardo Ahued, quien en varias ocasiones se conmovi\u00f3 en su discurso, lo reconoci\u00f3 adem\u00e1s como\u00a0 un hombre que ha sido ejemplo en la academia y en su vida profesional, administrativa y con un prestigio entra\u00f1able en un espacio tan dif\u00edcil que es el derecho.\u00a0<\/p>\n\n\n\n<p>\u201cAbogado bueno, abogado decente, que busca la justicia, que se cumpla con la ley, cueste lo que cueste. Me siento feliz, contento, que \u00e9l haya aceptado ser en su momento, compa\u00f1ero de f\u00f3rmula y luego, suplente en esta administraci\u00f3n, porque no nos ha dejado. All\u00e1, desde que empezamos la administraci\u00f3n, Alberto ha estado todos los d\u00edas dando seguimiento a los asuntos que tengamos que preguntarle como un servidor lo llamaba\u201d, se\u00f1al\u00f3.<\/p>\n\n\n\n<p>Le reconoci\u00f3 su acompa\u00f1amiento en la atenci\u00f3n de audiencias ciudadanas durante los \u00faltimos meses y le reiter\u00f3 su apoyo una vez que asuma la secretar\u00eda de Gobierno: \u201cDonde yo me encuentre, contar\u00e1s incondicionalmente como t\u00fa lo haz hecho conmigo\u201d le dijo.\u00a0<\/p>\n\n\n\n<p>Finalmente, Ricardo Ahued Bardahuil, quien concluy\u00f3 de esta forma su periodo como presidente municipal expres\u00f3: \u201cFelicidades a Xalapa porque sigue caminando y seguir\u00e1 caminando con una gran persona\u201d.<\/p>\n","protected":false},"excerpt":{"rendered":"<p>Dar\u00edo Pale Xalapa, Ver.- El ahora exalcalde de Xalapa, Ricardo Ahued Bardahuil se\u00f1al\u00f3 que, Xalapa seguir\u00e1 caminando con una gran persona, honesta y humana asegur\u00f3 luego de entregar a Alberto Islas Reyes la presidencia municipal de Xalapa.\u00a0 Durante su mensaje coment\u00f3 que, \u201cva a estar Xalapa representado por una gran persona, por un ser humano [&hellip;]<\/p>\n","protected":false},"author":2476,"featured_media":61399,"comment_status":"open","ping_status":"open","sticky":false,"template":"","format":"standard","meta":{"_jetpack_memberships_contains_paid_content":false,"footnotes":""},"categories":[3],"tags":[],"class_list":["post-61398","post","type-post","status-publish","format-standard","has-post-thumbnail","hentry","category-xalapa"],"jetpack_featured_media_url":"https:\/\/encuentroinformativo.com.mx\/wp-content\/uploads\/2024\/11\/IMG-20241130-WA00402.jpg","jetpack_sharing_enabled":true,"jetpack_likes_enabled":true,"amp_enabled":true,"_links":{"self":[{"href":"https:\/\/encuentroinformativo.com.mx\/index.php?rest_route=\/wp\/v2\/posts\/61398","targetHints":{"allow":["GET"]}}],"collection":[{"href":"https:\/\/encuentroinformativo.com.mx\/index.php?rest_route=\/wp\/v2\/posts"}],"about":[{"href":"https:\/\/encuentroinformativo.com.mx\/index.php?rest_route=\/wp\/v2\/types\/post"}],"author":[{"embeddable":true,"href":"https:\/\/encuentroinformativo.com.mx\/index.php?rest_route=\/wp\/v2\/users\/2476"}],"replies":[{"embeddable":true,"href":"https:\/\/encuentroinformativo.com.mx\/index.php?rest_route=%2Fwp%2Fv2%2Fcomments&post=61398"}],"version-history":[{"count":1,"href":"https:\/\/encuentroinformativo.com.mx\/index.php?rest_route=\/wp\/v2\/posts\/61398\/revisions"}],"predecessor-version":[{"id":61400,"href":"https:\/\/encuentroinformativo.com.mx\/index.php?rest_route=\/wp\/v2\/posts\/61398\/revisions\/61400"}],"wp:featuredmedia":[{"embeddable":true,"href":"https:\/\/encuentroinformativo.com.mx\/index.php?rest_route=\/wp\/v2\/media\/61399"}],"wp:attachment":[{"href":"https:\/\/encuentroinformativo.com.mx\/index.php?rest_route=%2Fwp%2Fv2%2Fmedia&parent=61398"}],"wp:term":[{"taxonomy":"category","embeddable":true,"href":"https:\/\/encuentroinformativo.com.mx\/index.php?rest_route=%2Fwp%2Fv2%2Fcategories&post=61398"},{"taxonomy":"post_tag","embeddable":true,"href":"https:\/\/encuentroinformativo.com.mx\/index.php?rest_route=%2Fwp%2Fv2%2Ftags&post=61398"}],"curies":[{"name":"wp","href":"https:\/\/api.w.org\/{rel}","templated":true}]}}