{"id":61401,"date":"2024-11-30T15:17:41","date_gmt":"2024-11-30T21:17:41","guid":{"rendered":"https:\/\/encuentroinformativo.com.mx\/?p=61401"},"modified":"2024-11-30T15:17:47","modified_gmt":"2024-11-30T21:17:47","slug":"celebran-138-aniversario-de-la-normal-veracruzana","status":"publish","type":"post","link":"https:\/\/encuentroinformativo.com.mx\/?p=61401","title":{"rendered":"Celebran 138 aniversario de la Normal Veracruzana"},"content":{"rendered":"\n<p><strong>Dar\u00edo Pale <\/strong><\/p>\n\n\n\n<p>Xalapa, Ver.- Con la finalidad de celebrar los 138 a\u00f1os de haber sido fundada La Benem\u00e9rita Escuela Normal Veracruzana \u201cEnrique C. Rebsamen\u201d, realizaron un desfile por las principales calles del centro de la capital del Estado.<\/p>\n\n\n\n<p>Por lo anterior maestros, trabajadores, alumnos y egresados de la Benem\u00e9rita Escuela Normal Veracruzana \u201cEnrique C. R\u00e9bsamen\u201d desfilaron desde la avenida Xalapa, donde se ubica este plantel, hasta la plaza Sebasti\u00e1n Lerdo de Tejada, en el centro de esta capital para conmemorar el 138 aniversario de la fundaci\u00f3n de esta escuela.\u00a0<\/p>\n\n\n\n<p>El director de la BENV, Gerardo G\u00f3mez Salas subray\u00f3 que bajo los lineamientos de la Nueva Escuela Mexicana, la Normal est\u00e1 comprometida con la sociedad, especialmente con los ni\u00f1os, a formar a docentes de educaci\u00f3n b\u00e1sica en sus aulas.\u00a0<\/p>\n\n\n\n<p>Destac\u00f3 que ahora son tres generaciones que se han formado bajo el Plan 22, cuyos planes de estudio fueron dise\u00f1ados por la propia escuela.\u00a0<\/p>\n\n\n\n<p>\u201cNuestros egresados siempre han defendido a la ni\u00f1ez mexicana, a la ni\u00f1ez veracruzana y siempre lo hemos hecho con mucho amor y orgullo\u201d, se\u00f1al\u00f3.<\/p>\n\n\n\n<p>Finalmente destac\u00f3 que es una de las escuelas m\u00e1s antiguas en M\u00e9xico, que cuenta con un edificio construido en 1964 y a pesar de diferentes problemas que han enfrentado, se mantiene con la vocaci\u00f3n de servir a trav\u00e9s de la educaci\u00f3n.<\/p>\n\n\n\n<figure class=\"wp-block-image size-large\"><img loading=\"lazy\" decoding=\"async\" width=\"1024\" height=\"512\" src=\"https:\/\/encuentroinformativo.com.mx\/wp-content\/uploads\/2024\/11\/1000434020-1024x512.jpg\" alt=\"\" class=\"wp-image-61403\" srcset=\"https:\/\/encuentroinformativo.com.mx\/wp-content\/uploads\/2024\/11\/1000434020-1024x512.jpg 1024w, https:\/\/encuentroinformativo.com.mx\/wp-content\/uploads\/2024\/11\/1000434020-300x150.jpg 300w, https:\/\/encuentroinformativo.com.mx\/wp-content\/uploads\/2024\/11\/1000434020-768x384.jpg 768w, https:\/\/encuentroinformativo.com.mx\/wp-content\/uploads\/2024\/11\/1000434020.jpg 1156w\" sizes=\"auto, (max-width: 1024px) 100vw, 1024px\" \/><\/figure>\n\n\n\n<figure class=\"wp-block-image size-large\"><img loading=\"lazy\" decoding=\"async\" width=\"1024\" height=\"576\" src=\"https:\/\/encuentroinformativo.com.mx\/wp-content\/uploads\/2024\/11\/1000434021-1024x576.jpg\" alt=\"\" class=\"wp-image-61404\" srcset=\"https:\/\/encuentroinformativo.com.mx\/wp-content\/uploads\/2024\/11\/1000434021-1024x576.jpg 1024w, https:\/\/encuentroinformativo.com.mx\/wp-content\/uploads\/2024\/11\/1000434021-300x169.jpg 300w, https:\/\/encuentroinformativo.com.mx\/wp-content\/uploads\/2024\/11\/1000434021-768x432.jpg 768w, https:\/\/encuentroinformativo.com.mx\/wp-content\/uploads\/2024\/11\/1000434021-1536x864.jpg 1536w, https:\/\/encuentroinformativo.com.mx\/wp-content\/uploads\/2024\/11\/1000434021.jpg 1600w\" sizes=\"auto, (max-width: 1024px) 100vw, 1024px\" \/><\/figure>\n\n\n\n<figure class=\"wp-block-image size-large\"><img loading=\"lazy\" decoding=\"async\" width=\"1024\" height=\"576\" src=\"https:\/\/encuentroinformativo.com.mx\/wp-content\/uploads\/2024\/11\/1000434022-1024x576.jpg\" alt=\"\" class=\"wp-image-61405\" srcset=\"https:\/\/encuentroinformativo.com.mx\/wp-content\/uploads\/2024\/11\/1000434022-1024x576.jpg 1024w, https:\/\/encuentroinformativo.com.mx\/wp-content\/uploads\/2024\/11\/1000434022-300x169.jpg 300w, https:\/\/encuentroinformativo.com.mx\/wp-content\/uploads\/2024\/11\/1000434022-768x432.jpg 768w, https:\/\/encuentroinformativo.com.mx\/wp-content\/uploads\/2024\/11\/1000434022-1536x864.jpg 1536w, https:\/\/encuentroinformativo.com.mx\/wp-content\/uploads\/2024\/11\/1000434022.jpg 1600w\" sizes=\"auto, (max-width: 1024px) 100vw, 1024px\" \/><\/figure>\n","protected":false},"excerpt":{"rendered":"<p>Dar\u00edo Pale Xalapa, Ver.- Con la finalidad de celebrar los 138 a\u00f1os de haber sido fundada La Benem\u00e9rita Escuela Normal Veracruzana \u201cEnrique C. Rebsamen\u201d, realizaron un desfile por las principales calles del centro de la capital del Estado. Por lo anterior maestros, trabajadores, alumnos y egresados de la Benem\u00e9rita Escuela Normal Veracruzana \u201cEnrique C. R\u00e9bsamen\u201d [&hellip;]<\/p>\n","protected":false},"author":2476,"featured_media":61402,"comment_status":"open","ping_status":"open","sticky":false,"template":"","format":"standard","meta":{"_jetpack_memberships_contains_paid_content":false,"footnotes":""},"categories":[3],"tags":[],"class_list":["post-61401","post","type-post","status-publish","format-standard","has-post-thumbnail","hentry","category-xalapa"],"jetpack_featured_media_url":"https:\/\/encuentroinformativo.com.mx\/wp-content\/uploads\/2024\/11\/IMG-20241130-WA0062.jpg","jetpack_sharing_enabled":true,"jetpack_likes_enabled":true,"amp_enabled":true,"_links":{"self":[{"href":"https:\/\/encuentroinformativo.com.mx\/index.php?rest_route=\/wp\/v2\/posts\/61401","targetHints":{"allow":["GET"]}}],"collection":[{"href":"https:\/\/encuentroinformativo.com.mx\/index.php?rest_route=\/wp\/v2\/posts"}],"about":[{"href":"https:\/\/encuentroinformativo.com.mx\/index.php?rest_route=\/wp\/v2\/types\/post"}],"author":[{"embeddable":true,"href":"https:\/\/encuentroinformativo.com.mx\/index.php?rest_route=\/wp\/v2\/users\/2476"}],"replies":[{"embeddable":true,"href":"https:\/\/encuentroinformativo.com.mx\/index.php?rest_route=%2Fwp%2Fv2%2Fcomments&post=61401"}],"version-history":[{"count":1,"href":"https:\/\/encuentroinformativo.com.mx\/index.php?rest_route=\/wp\/v2\/posts\/61401\/revisions"}],"predecessor-version":[{"id":61406,"href":"https:\/\/encuentroinformativo.com.mx\/index.php?rest_route=\/wp\/v2\/posts\/61401\/revisions\/61406"}],"wp:featuredmedia":[{"embeddable":true,"href":"https:\/\/encuentroinformativo.com.mx\/index.php?rest_route=\/wp\/v2\/media\/61402"}],"wp:attachment":[{"href":"https:\/\/encuentroinformativo.com.mx\/index.php?rest_route=%2Fwp%2Fv2%2Fmedia&parent=61401"}],"wp:term":[{"taxonomy":"category","embeddable":true,"href":"https:\/\/encuentroinformativo.com.mx\/index.php?rest_route=%2Fwp%2Fv2%2Fcategories&post=61401"},{"taxonomy":"post_tag","embeddable":true,"href":"https:\/\/encuentroinformativo.com.mx\/index.php?rest_route=%2Fwp%2Fv2%2Ftags&post=61401"}],"curies":[{"name":"wp","href":"https:\/\/api.w.org\/{rel}","templated":true}]}}