{"id":61407,"date":"2024-11-30T19:16:45","date_gmt":"2024-12-01T01:16:45","guid":{"rendered":"https:\/\/encuentroinformativo.com.mx\/?p=61407"},"modified":"2024-11-30T19:16:50","modified_gmt":"2024-12-01T01:16:50","slug":"refrendan-ayuntamiento-y-normal-veracruzana-alianza-por-la-educacion","status":"publish","type":"post","link":"https:\/\/encuentroinformativo.com.mx\/?p=61407","title":{"rendered":"Refrendan Ayuntamiento y Normal Veracruzana alianza por la educaci\u00f3n"},"content":{"rendered":"\n<p>Xalapa, Ver.- El alcalde suplente, Alberto Islas Reyes, asisti\u00f3 a las actividades conmemorativas por el 138 aniversario de la Benem\u00e9rita Escuela Normal Veracruzana (BENV) \u201cEnrique C. R\u00e9bsamen\u201d, que encabez\u00f3 el director de la instituci\u00f3n, Gerardo G\u00f3mez Salas, en la plaza Sebasti\u00e1n Lerdo de Tejada.<\/p>\n\n\n\n<p>Acompa\u00f1ado por funcionariado municipal, Alberto Islas refrend\u00f3 al director de la BENV el compromiso del Ayuntamiento por seguir trabajando de forma coordinada en favor de la educaci\u00f3n y la sociedad xalape\u00f1a.<\/p>\n\n\n\n<p>En las actividades participaron integrantes del Comit\u00e9 Ejecutivo de Estudiantes Normalistas, alumnado, egresados, personal administrativo, t\u00e9cnico, jubilados, representantes sindicales y la marching band \u201cCardenales\u201d, de la Escuela Secundaria T\u00e9cnica Industrial 105.<\/p>\n\n\n\n<figure class=\"wp-block-image size-large\"><img loading=\"lazy\" decoding=\"async\" width=\"1024\" height=\"649\" src=\"https:\/\/encuentroinformativo.com.mx\/wp-content\/uploads\/2024\/11\/1000434103-1024x649.jpg\" alt=\"\" class=\"wp-image-61409\" srcset=\"https:\/\/encuentroinformativo.com.mx\/wp-content\/uploads\/2024\/11\/1000434103-1024x649.jpg 1024w, https:\/\/encuentroinformativo.com.mx\/wp-content\/uploads\/2024\/11\/1000434103-300x190.jpg 300w, https:\/\/encuentroinformativo.com.mx\/wp-content\/uploads\/2024\/11\/1000434103-768x487.jpg 768w, https:\/\/encuentroinformativo.com.mx\/wp-content\/uploads\/2024\/11\/1000434103-1536x973.jpg 1536w, https:\/\/encuentroinformativo.com.mx\/wp-content\/uploads\/2024\/11\/1000434103-2048x1298.jpg 2048w\" sizes=\"auto, (max-width: 1024px) 100vw, 1024px\" \/><\/figure>\n","protected":false},"excerpt":{"rendered":"<p>Xalapa, Ver.- El alcalde suplente, Alberto Islas Reyes, asisti\u00f3 a las actividades conmemorativas por el 138 aniversario de la Benem\u00e9rita Escuela Normal Veracruzana (BENV) \u201cEnrique C. R\u00e9bsamen\u201d, que encabez\u00f3 el director de la instituci\u00f3n, Gerardo G\u00f3mez Salas, en la plaza Sebasti\u00e1n Lerdo de Tejada. Acompa\u00f1ado por funcionariado municipal, Alberto Islas refrend\u00f3 al director de la [&hellip;]<\/p>\n","protected":false},"author":2476,"featured_media":61408,"comment_status":"open","ping_status":"open","sticky":false,"template":"","format":"standard","meta":{"_jetpack_memberships_contains_paid_content":false,"footnotes":""},"categories":[3],"tags":[],"class_list":["post-61407","post","type-post","status-publish","format-standard","has-post-thumbnail","hentry","category-xalapa"],"jetpack_featured_media_url":"https:\/\/encuentroinformativo.com.mx\/wp-content\/uploads\/2024\/11\/IMG-20241130-WA0047-scaled.jpg","jetpack_sharing_enabled":true,"jetpack_likes_enabled":true,"amp_enabled":true,"_links":{"self":[{"href":"https:\/\/encuentroinformativo.com.mx\/index.php?rest_route=\/wp\/v2\/posts\/61407","targetHints":{"allow":["GET"]}}],"collection":[{"href":"https:\/\/encuentroinformativo.com.mx\/index.php?rest_route=\/wp\/v2\/posts"}],"about":[{"href":"https:\/\/encuentroinformativo.com.mx\/index.php?rest_route=\/wp\/v2\/types\/post"}],"author":[{"embeddable":true,"href":"https:\/\/encuentroinformativo.com.mx\/index.php?rest_route=\/wp\/v2\/users\/2476"}],"replies":[{"embeddable":true,"href":"https:\/\/encuentroinformativo.com.mx\/index.php?rest_route=%2Fwp%2Fv2%2Fcomments&post=61407"}],"version-history":[{"count":1,"href":"https:\/\/encuentroinformativo.com.mx\/index.php?rest_route=\/wp\/v2\/posts\/61407\/revisions"}],"predecessor-version":[{"id":61410,"href":"https:\/\/encuentroinformativo.com.mx\/index.php?rest_route=\/wp\/v2\/posts\/61407\/revisions\/61410"}],"wp:featuredmedia":[{"embeddable":true,"href":"https:\/\/encuentroinformativo.com.mx\/index.php?rest_route=\/wp\/v2\/media\/61408"}],"wp:attachment":[{"href":"https:\/\/encuentroinformativo.com.mx\/index.php?rest_route=%2Fwp%2Fv2%2Fmedia&parent=61407"}],"wp:term":[{"taxonomy":"category","embeddable":true,"href":"https:\/\/encuentroinformativo.com.mx\/index.php?rest_route=%2Fwp%2Fv2%2Fcategories&post=61407"},{"taxonomy":"post_tag","embeddable":true,"href":"https:\/\/encuentroinformativo.com.mx\/index.php?rest_route=%2Fwp%2Fv2%2Ftags&post=61407"}],"curies":[{"name":"wp","href":"https:\/\/api.w.org\/{rel}","templated":true}]}}