{"id":61425,"date":"2024-12-01T11:23:12","date_gmt":"2024-12-01T17:23:12","guid":{"rendered":"https:\/\/encuentroinformativo.com.mx\/?p=61425"},"modified":"2024-12-01T14:14:46","modified_gmt":"2024-12-01T20:14:46","slug":"rinde-protesta-rocio-nahle-como-gobernadora-de-veracruz","status":"publish","type":"post","link":"https:\/\/encuentroinformativo.com.mx\/?p=61425","title":{"rendered":"Rinde protesta Roc\u00edo Nahle como gobernadora de Veracruz"},"content":{"rendered":"\n<p><strong>Redacci\u00f3n<\/strong> <\/p>\n\n\n\n<p>Xalapa, Ver.- Acompa\u00f1ada de la presidenta de la Rep\u00fablica, Claudia Sheinbaum Pardo; Norma Roc\u00edo Nahle Garc\u00eda rindi\u00f3 protesta como gobernadora constitucional del Estado de Veracruz. <\/p>\n\n\n\n<p>En sesion solemne del Congreso del Estado se realiza la ceremonia donde la primera mujer gobernadora de la entidad veracruzana asume el cargo.<\/p>\n","protected":false},"excerpt":{"rendered":"<p>Redacci\u00f3n Xalapa, Ver.- Acompa\u00f1ada de la presidenta de la Rep\u00fablica, Claudia Sheinbaum Pardo; Norma Roc\u00edo Nahle Garc\u00eda rindi\u00f3 protesta como gobernadora constitucional del Estado de Veracruz. En sesion solemne del Congreso del Estado se realiza la ceremonia donde la primera mujer gobernadora de la entidad veracruzana asume el cargo.<\/p>\n","protected":false},"author":2476,"featured_media":61434,"comment_status":"open","ping_status":"open","sticky":false,"template":"","format":"standard","meta":{"_jetpack_memberships_contains_paid_content":false,"footnotes":""},"categories":[2],"tags":[],"class_list":["post-61425","post","type-post","status-publish","format-standard","has-post-thumbnail","hentry","category-estado"],"jetpack_featured_media_url":"https:\/\/encuentroinformativo.com.mx\/wp-content\/uploads\/2024\/12\/IMG-20241201-WA0022.jpg","jetpack_sharing_enabled":true,"jetpack_likes_enabled":true,"amp_enabled":true,"_links":{"self":[{"href":"https:\/\/encuentroinformativo.com.mx\/index.php?rest_route=\/wp\/v2\/posts\/61425","targetHints":{"allow":["GET"]}}],"collection":[{"href":"https:\/\/encuentroinformativo.com.mx\/index.php?rest_route=\/wp\/v2\/posts"}],"about":[{"href":"https:\/\/encuentroinformativo.com.mx\/index.php?rest_route=\/wp\/v2\/types\/post"}],"author":[{"embeddable":true,"href":"https:\/\/encuentroinformativo.com.mx\/index.php?rest_route=\/wp\/v2\/users\/2476"}],"replies":[{"embeddable":true,"href":"https:\/\/encuentroinformativo.com.mx\/index.php?rest_route=%2Fwp%2Fv2%2Fcomments&post=61425"}],"version-history":[{"count":1,"href":"https:\/\/encuentroinformativo.com.mx\/index.php?rest_route=\/wp\/v2\/posts\/61425\/revisions"}],"predecessor-version":[{"id":61426,"href":"https:\/\/encuentroinformativo.com.mx\/index.php?rest_route=\/wp\/v2\/posts\/61425\/revisions\/61426"}],"wp:featuredmedia":[{"embeddable":true,"href":"https:\/\/encuentroinformativo.com.mx\/index.php?rest_route=\/wp\/v2\/media\/61434"}],"wp:attachment":[{"href":"https:\/\/encuentroinformativo.com.mx\/index.php?rest_route=%2Fwp%2Fv2%2Fmedia&parent=61425"}],"wp:term":[{"taxonomy":"category","embeddable":true,"href":"https:\/\/encuentroinformativo.com.mx\/index.php?rest_route=%2Fwp%2Fv2%2Fcategories&post=61425"},{"taxonomy":"post_tag","embeddable":true,"href":"https:\/\/encuentroinformativo.com.mx\/index.php?rest_route=%2Fwp%2Fv2%2Ftags&post=61425"}],"curies":[{"name":"wp","href":"https:\/\/api.w.org\/{rel}","templated":true}]}}