{"id":61432,"date":"2024-12-01T14:10:16","date_gmt":"2024-12-01T20:10:16","guid":{"rendered":"https:\/\/encuentroinformativo.com.mx\/?p=61432"},"modified":"2024-12-01T14:10:22","modified_gmt":"2024-12-01T20:10:22","slug":"en-mi-gobierno-se-combatira-todo-tipo-de-discriminacion-rocio-nahle","status":"publish","type":"post","link":"https:\/\/encuentroinformativo.com.mx\/?p=61432","title":{"rendered":"En mi gobierno se combatir\u00e1 todo tipo de discriminaci\u00f3n: Roc\u00edo Nahle"},"content":{"rendered":"\n<p><strong>Redacci\u00f3n<\/strong><\/p>\n\n\n\n<p>Xalapa, Ver.- En mi gobierno se combatir\u00e1 cualquier tipo de discriminaci\u00f3n, as\u00ed lo afirm\u00f3 la gobernadora Norma Roc\u00edo Nahle Garc\u00eda al rendir protesta del cargo.<\/p>\n\n\n\n<p>Durante su toma de protesta en el Congreso del Estado destac\u00f3: \u201cEn mi gobierno voy a trabajar para erradicar cualquier tipo de discriminaci\u00f3n, ya sea de g\u00e9nero, de origen, etnia o credo, el avance del cual hoy somos parte de debe de fortalecer e impulsar, ni un paso atr\u00e1s ni para tomar fuerza\u201d.<\/p>\n\n\n\n<p>Y es que se\u00f1al\u00f3 durante la pasada contienda electoral se vivi\u00f3 una batalla ideol\u00f3gica y con \u201ctintes machistas\u201d.<\/p>\n\n\n\n<p>Por ello le digo a todas las veracruzanas -a\u00f1adi\u00f3- a nuestras ni\u00f1as, nuestras hijas, nuestras hermanas, retomando el dicho de nuestra presidenta que no llego sola, llegamos todas.<\/p>\n\n\n\n<p>Del mismo modo, Nahle Garc\u00eda puntualiz\u00f3 que se trabajar\u00e1 para promover la paz y acelerar la transformaci\u00f3n en Veracruz.<\/p>\n\n\n\n<p>\u201cPromover y respetar la democracia\u2026 vamos a trabajar para mantener la paz, unidad y respeto en todo el territorio. Incluso vamos a firmar convenios con los estados vecinos\u201d.<\/p>\n","protected":false},"excerpt":{"rendered":"<p>Redacci\u00f3n Xalapa, Ver.- En mi gobierno se combatir\u00e1 cualquier tipo de discriminaci\u00f3n, as\u00ed lo afirm\u00f3 la gobernadora Norma Roc\u00edo Nahle Garc\u00eda al rendir protesta del cargo. Durante su toma de protesta en el Congreso del Estado destac\u00f3: \u201cEn mi gobierno voy a trabajar para erradicar cualquier tipo de discriminaci\u00f3n, ya sea de g\u00e9nero, de origen, [&hellip;]<\/p>\n","protected":false},"author":2476,"featured_media":61429,"comment_status":"open","ping_status":"open","sticky":false,"template":"","format":"standard","meta":{"_jetpack_memberships_contains_paid_content":false,"footnotes":""},"categories":[2],"tags":[],"class_list":["post-61432","post","type-post","status-publish","format-standard","has-post-thumbnail","hentry","category-estado"],"jetpack_featured_media_url":"https:\/\/encuentroinformativo.com.mx\/wp-content\/uploads\/2024\/12\/1000434310.png","jetpack_sharing_enabled":true,"jetpack_likes_enabled":true,"amp_enabled":true,"_links":{"self":[{"href":"https:\/\/encuentroinformativo.com.mx\/index.php?rest_route=\/wp\/v2\/posts\/61432","targetHints":{"allow":["GET"]}}],"collection":[{"href":"https:\/\/encuentroinformativo.com.mx\/index.php?rest_route=\/wp\/v2\/posts"}],"about":[{"href":"https:\/\/encuentroinformativo.com.mx\/index.php?rest_route=\/wp\/v2\/types\/post"}],"author":[{"embeddable":true,"href":"https:\/\/encuentroinformativo.com.mx\/index.php?rest_route=\/wp\/v2\/users\/2476"}],"replies":[{"embeddable":true,"href":"https:\/\/encuentroinformativo.com.mx\/index.php?rest_route=%2Fwp%2Fv2%2Fcomments&post=61432"}],"version-history":[{"count":1,"href":"https:\/\/encuentroinformativo.com.mx\/index.php?rest_route=\/wp\/v2\/posts\/61432\/revisions"}],"predecessor-version":[{"id":61433,"href":"https:\/\/encuentroinformativo.com.mx\/index.php?rest_route=\/wp\/v2\/posts\/61432\/revisions\/61433"}],"wp:featuredmedia":[{"embeddable":true,"href":"https:\/\/encuentroinformativo.com.mx\/index.php?rest_route=\/wp\/v2\/media\/61429"}],"wp:attachment":[{"href":"https:\/\/encuentroinformativo.com.mx\/index.php?rest_route=%2Fwp%2Fv2%2Fmedia&parent=61432"}],"wp:term":[{"taxonomy":"category","embeddable":true,"href":"https:\/\/encuentroinformativo.com.mx\/index.php?rest_route=%2Fwp%2Fv2%2Fcategories&post=61432"},{"taxonomy":"post_tag","embeddable":true,"href":"https:\/\/encuentroinformativo.com.mx\/index.php?rest_route=%2Fwp%2Fv2%2Ftags&post=61432"}],"curies":[{"name":"wp","href":"https:\/\/api.w.org\/{rel}","templated":true}]}}