{"id":61435,"date":"2024-12-01T15:39:40","date_gmt":"2024-12-01T21:39:40","guid":{"rendered":"https:\/\/encuentroinformativo.com.mx\/?p=61435"},"modified":"2024-12-01T15:39:46","modified_gmt":"2024-12-01T21:39:46","slug":"asiste-alberto-islas-a-toma-de-protesta-de-rocio-nahle","status":"publish","type":"post","link":"https:\/\/encuentroinformativo.com.mx\/?p=61435","title":{"rendered":"Asiste Alberto Islas a toma de protesta de Roc\u00edo Nahle"},"content":{"rendered":"\n<p>Xalapa, Ver.- El presidente municipal Alberto Islas Reyes asisti\u00f3 a la toma de protesta de Roc\u00edo Nahle Garc\u00eda como gobernadora de Veracruz, acto que se celebr\u00f3 en el Congreso del Estado ante la presidenta de M\u00e9xico, Claudia Sheinbaum.<\/p>\n","protected":false},"excerpt":{"rendered":"<p>Xalapa, Ver.- El presidente municipal Alberto Islas Reyes asisti\u00f3 a la toma de protesta de Roc\u00edo Nahle Garc\u00eda como gobernadora de Veracruz, acto que se celebr\u00f3 en el Congreso del Estado ante la presidenta de M\u00e9xico, Claudia Sheinbaum.<\/p>\n","protected":false},"author":2476,"featured_media":61436,"comment_status":"open","ping_status":"open","sticky":false,"template":"","format":"standard","meta":{"_jetpack_memberships_contains_paid_content":false,"footnotes":""},"categories":[3],"tags":[],"class_list":["post-61435","post","type-post","status-publish","format-standard","has-post-thumbnail","hentry","category-xalapa"],"jetpack_featured_media_url":"https:\/\/encuentroinformativo.com.mx\/wp-content\/uploads\/2024\/12\/IMG-20241201-WA0023.jpg","jetpack_sharing_enabled":true,"jetpack_likes_enabled":true,"amp_enabled":true,"_links":{"self":[{"href":"https:\/\/encuentroinformativo.com.mx\/index.php?rest_route=\/wp\/v2\/posts\/61435","targetHints":{"allow":["GET"]}}],"collection":[{"href":"https:\/\/encuentroinformativo.com.mx\/index.php?rest_route=\/wp\/v2\/posts"}],"about":[{"href":"https:\/\/encuentroinformativo.com.mx\/index.php?rest_route=\/wp\/v2\/types\/post"}],"author":[{"embeddable":true,"href":"https:\/\/encuentroinformativo.com.mx\/index.php?rest_route=\/wp\/v2\/users\/2476"}],"replies":[{"embeddable":true,"href":"https:\/\/encuentroinformativo.com.mx\/index.php?rest_route=%2Fwp%2Fv2%2Fcomments&post=61435"}],"version-history":[{"count":1,"href":"https:\/\/encuentroinformativo.com.mx\/index.php?rest_route=\/wp\/v2\/posts\/61435\/revisions"}],"predecessor-version":[{"id":61437,"href":"https:\/\/encuentroinformativo.com.mx\/index.php?rest_route=\/wp\/v2\/posts\/61435\/revisions\/61437"}],"wp:featuredmedia":[{"embeddable":true,"href":"https:\/\/encuentroinformativo.com.mx\/index.php?rest_route=\/wp\/v2\/media\/61436"}],"wp:attachment":[{"href":"https:\/\/encuentroinformativo.com.mx\/index.php?rest_route=%2Fwp%2Fv2%2Fmedia&parent=61435"}],"wp:term":[{"taxonomy":"category","embeddable":true,"href":"https:\/\/encuentroinformativo.com.mx\/index.php?rest_route=%2Fwp%2Fv2%2Fcategories&post=61435"},{"taxonomy":"post_tag","embeddable":true,"href":"https:\/\/encuentroinformativo.com.mx\/index.php?rest_route=%2Fwp%2Fv2%2Ftags&post=61435"}],"curies":[{"name":"wp","href":"https:\/\/api.w.org\/{rel}","templated":true}]}}