{"id":61456,"date":"2024-12-02T10:59:01","date_gmt":"2024-12-02T16:59:01","guid":{"rendered":"https:\/\/encuentroinformativo.com.mx\/?p=61456"},"modified":"2024-12-02T10:59:07","modified_gmt":"2024-12-02T16:59:07","slug":"el-tiempo-de-las-mujeres-ya-llego-lissethe-martinez","status":"publish","type":"post","link":"https:\/\/encuentroinformativo.com.mx\/?p=61456","title":{"rendered":"El tiempo de las mujeres ya lleg\u00f3: Lissethe Mart\u00ednez"},"content":{"rendered":"\n<p><strong>Alejandro \u00c1vila<\/strong><\/p>\n\n\n\n<p>Veracruz, Ver.- La regidora del Ayuntamiento de Veracruz, Lissethe Mart\u00ednez Echeverr\u00eda, asegur\u00f3 tras la toma de protesta de Roc\u00edo Nahle Garc\u00eda como gobernadora que, &#8220;el tiempo de las mujeres ya lleg\u00f3&#8221;.<\/p>\n\n\n\n<p>La edil de Morena, se dijo congratulada por el respaldo que desde los primeros d\u00edas mostr\u00f3 la presidenta, Claudia Sheinbaum Pardo, le dar\u00e1 durante su sexenio al Estado de Veracruz, y en espec\u00edfico a la gobernadora, Roc\u00edo Nahle Garc\u00eda.<\/p>\n\n\n\n<p>&#8220;Ya estamos iniciando los programas federales, uno de los principales va a ser el Bachet\u00f3n que, a trav\u00e9s de esta iniciativa que propuso nuestra presidenta de la rep\u00fablica, Veracruz va a ser uno de los primeros Estados que va a estar beneficiado con esto, y aparte que le hacen tanta falta unos caminos que est\u00e9n mejor para que se mueva la econom\u00eda, para que tambi\u00e9n los diferentes sectores que transitan tengan una base en la econom\u00eda de la ciudadan\u00eda veracruzana&#8221;, expres\u00f3.<\/p>\n\n\n\n<p>En otro tema, la integrante de la comuna jarocha, se expres\u00f3 ante los rumores que colocar\u00edan a una mujer como candidata de Morena a la alcald\u00eda de Veracruz.<\/p>\n\n\n\n<p>&#8220;El pueblo es el que est\u00e1 eligiendo qui\u00e9nes van a ser sus posibles candidatas o candidatos, hablo por mi municipio, espero que realmente s\u00ed sea una mujer quien vaya a la cabeza para gobernar municipalmente, sin embargo tambi\u00e9n tenemos muchos aliados hombres en nuestro movimiento que pueden dar la cara, aqu\u00ed lo que estamos esperando son las encuestas, las encuestas que a trav\u00e9s de la decisi\u00f3n del pueblo van a estar definiendo qui\u00e9n nos represente a nivel municipal&#8221;, remat\u00f3.<\/p>\n","protected":false},"excerpt":{"rendered":"<p>Alejandro \u00c1vila Veracruz, Ver.- La regidora del Ayuntamiento de Veracruz, Lissethe Mart\u00ednez Echeverr\u00eda, asegur\u00f3 tras la toma de protesta de Roc\u00edo Nahle Garc\u00eda como gobernadora que, &#8220;el tiempo de las mujeres ya lleg\u00f3&#8221;. La edil de Morena, se dijo congratulada por el respaldo que desde los primeros d\u00edas mostr\u00f3 la presidenta, Claudia Sheinbaum Pardo, le [&hellip;]<\/p>\n","protected":false},"author":2476,"featured_media":61457,"comment_status":"open","ping_status":"open","sticky":false,"template":"","format":"standard","meta":{"_jetpack_memberships_contains_paid_content":false,"footnotes":""},"categories":[2],"tags":[],"class_list":["post-61456","post","type-post","status-publish","format-standard","has-post-thumbnail","hentry","category-estado"],"jetpack_featured_media_url":"https:\/\/encuentroinformativo.com.mx\/wp-content\/uploads\/2024\/12\/IMG-20241202-WA00142.jpg","jetpack_sharing_enabled":true,"jetpack_likes_enabled":true,"amp_enabled":true,"_links":{"self":[{"href":"https:\/\/encuentroinformativo.com.mx\/index.php?rest_route=\/wp\/v2\/posts\/61456","targetHints":{"allow":["GET"]}}],"collection":[{"href":"https:\/\/encuentroinformativo.com.mx\/index.php?rest_route=\/wp\/v2\/posts"}],"about":[{"href":"https:\/\/encuentroinformativo.com.mx\/index.php?rest_route=\/wp\/v2\/types\/post"}],"author":[{"embeddable":true,"href":"https:\/\/encuentroinformativo.com.mx\/index.php?rest_route=\/wp\/v2\/users\/2476"}],"replies":[{"embeddable":true,"href":"https:\/\/encuentroinformativo.com.mx\/index.php?rest_route=%2Fwp%2Fv2%2Fcomments&post=61456"}],"version-history":[{"count":1,"href":"https:\/\/encuentroinformativo.com.mx\/index.php?rest_route=\/wp\/v2\/posts\/61456\/revisions"}],"predecessor-version":[{"id":61458,"href":"https:\/\/encuentroinformativo.com.mx\/index.php?rest_route=\/wp\/v2\/posts\/61456\/revisions\/61458"}],"wp:featuredmedia":[{"embeddable":true,"href":"https:\/\/encuentroinformativo.com.mx\/index.php?rest_route=\/wp\/v2\/media\/61457"}],"wp:attachment":[{"href":"https:\/\/encuentroinformativo.com.mx\/index.php?rest_route=%2Fwp%2Fv2%2Fmedia&parent=61456"}],"wp:term":[{"taxonomy":"category","embeddable":true,"href":"https:\/\/encuentroinformativo.com.mx\/index.php?rest_route=%2Fwp%2Fv2%2Fcategories&post=61456"},{"taxonomy":"post_tag","embeddable":true,"href":"https:\/\/encuentroinformativo.com.mx\/index.php?rest_route=%2Fwp%2Fv2%2Ftags&post=61456"}],"curies":[{"name":"wp","href":"https:\/\/api.w.org\/{rel}","templated":true}]}}