{"id":61462,"date":"2024-12-02T12:19:43","date_gmt":"2024-12-02T18:19:43","guid":{"rendered":"https:\/\/encuentroinformativo.com.mx\/?p=61462"},"modified":"2024-12-02T12:19:48","modified_gmt":"2024-12-02T18:19:48","slug":"confian-en-mayor-inclusion-para-personas-con-discapacidad","status":"publish","type":"post","link":"https:\/\/encuentroinformativo.com.mx\/?p=61462","title":{"rendered":"Conf\u00edan en mayor inclusi\u00f3n para personas con discapacidad"},"content":{"rendered":"\n<p><strong>Dar\u00edo Pale <\/strong><\/p>\n\n\n\n<p>Xalapa, Ver.- El movimiento de Personas con discapacidad del Estado de Veracruz se\u00f1alaron que, en este inicio de gobierno lo ven muy comprometedor, pero hace falta mejorar muchas cosas, ya que en el tema de los derechos hay mucho por hacer pero tiene esperanzas que la nueva gobernadora Roc\u00edo Nahle Garc\u00eda puedan avanzar en los diferentes temas.<\/p>\n\n\n\n<p>En conferencia de prensa Ana Paola Morgado estudiante e integrante del movimiento, dio a conocer que estudiantes de la Universidad Veracruzana (UV), decidieron sumar fuerzas para visibilizar muchas tem\u00e1ticas respecto a la discapacidad y a la inclusi\u00f3n, para lo cual organizaron una serie de actividades en la conmemoraci\u00f3n del D\u00eda Internacional de las Personas con Discapacidad.<\/p>\n\n\n\n<p>Por lo cual realizar\u00e1n actividades como, un festival de la inclusi\u00f3n, que se llevar\u00e1 a cabo en la casa del lago de la UV, el evento ser\u00e1 el d\u00eda 5 y 6 de diciembre ser\u00e1 de las 10:00 a las 19:00 horas donde habr\u00e1 diferentes actividades as\u00ed como stand con diferentes tem\u00e1ticas de asociaciones, instituciones y colectivos con temas de cultura, de deporte, del acceso a los derechos humanos de las personas con discapacidad, as\u00ed como talleres y una obra de teatro que ser\u00e1 interactiva.<\/p>\n\n\n\n<p>Por otra parte comentaron que, falta entender que nadie est\u00e1 exento de la discapacidad y la lucha no solamente es de quienes la viven actualmente, si no tambi\u00e9n de quienes podr\u00edan adquirirla.<\/p>\n\n\n\n<p>Reiteraron la necesidad de visibilizar la inclusi\u00f3n de este sector: &#8220;Nadie est\u00e1 exento por temas de edad, por temas de accidentes, por cualquier tipo de situaci\u00f3n. Creo que entendiendo eso nos sumamos m\u00e1s y hacemos m\u00e1s eco&#8221;, se\u00f1al\u00f3.<\/p>\n\n\n\n<p>Por su parte y ante el cambio de gobierno en Veracruz, el contador Jos\u00e9 Arturo Acosta Hern\u00e1ndez augur\u00f3 un gobierno prometedor ante los planteamientos hechos por la gobernadora Roc\u00edo Nahle.<\/p>\n\n\n\n<p>&#8220;Por el discurso que hemos escuchado de nuestra gobernadora tenemos mucha fe, muchas esperanzas de que se pueden mejorar muchas cosas&#8221;, indic\u00f3.<\/p>\n\n\n\n<p>No obstante, afirm\u00f3 que hay mucho por hacer en el respeto hacia los derechos de las m\u00e1s de dos millones de personas que, de acuerdo al Instituto Nacional de Estad\u00edstica y Geograf\u00eda (INEGI), viven con alguna discapacidad en Veracruz.<\/p>\n\n\n\n<p>Finalmente coment\u00f3, &#8220;inclusive te puedo decir que la sociedad tiene muchas cosas por hacer, no nada m\u00e1s el gobierno. Est\u00e1 es una tarea de todos, que todos entendamos&#8221;.<\/p>\n","protected":false},"excerpt":{"rendered":"<p>Dar\u00edo Pale Xalapa, Ver.- El movimiento de Personas con discapacidad del Estado de Veracruz se\u00f1alaron que, en este inicio de gobierno lo ven muy comprometedor, pero hace falta mejorar muchas cosas, ya que en el tema de los derechos hay mucho por hacer pero tiene esperanzas que la nueva gobernadora Roc\u00edo Nahle Garc\u00eda puedan avanzar [&hellip;]<\/p>\n","protected":false},"author":2476,"featured_media":61463,"comment_status":"open","ping_status":"open","sticky":false,"template":"","format":"standard","meta":{"_jetpack_memberships_contains_paid_content":false,"footnotes":""},"categories":[2],"tags":[],"class_list":["post-61462","post","type-post","status-publish","format-standard","has-post-thumbnail","hentry","category-estado"],"jetpack_featured_media_url":"https:\/\/encuentroinformativo.com.mx\/wp-content\/uploads\/2024\/12\/IMG-20241202-WA0034.jpg","jetpack_sharing_enabled":true,"jetpack_likes_enabled":true,"amp_enabled":true,"_links":{"self":[{"href":"https:\/\/encuentroinformativo.com.mx\/index.php?rest_route=\/wp\/v2\/posts\/61462","targetHints":{"allow":["GET"]}}],"collection":[{"href":"https:\/\/encuentroinformativo.com.mx\/index.php?rest_route=\/wp\/v2\/posts"}],"about":[{"href":"https:\/\/encuentroinformativo.com.mx\/index.php?rest_route=\/wp\/v2\/types\/post"}],"author":[{"embeddable":true,"href":"https:\/\/encuentroinformativo.com.mx\/index.php?rest_route=\/wp\/v2\/users\/2476"}],"replies":[{"embeddable":true,"href":"https:\/\/encuentroinformativo.com.mx\/index.php?rest_route=%2Fwp%2Fv2%2Fcomments&post=61462"}],"version-history":[{"count":1,"href":"https:\/\/encuentroinformativo.com.mx\/index.php?rest_route=\/wp\/v2\/posts\/61462\/revisions"}],"predecessor-version":[{"id":61464,"href":"https:\/\/encuentroinformativo.com.mx\/index.php?rest_route=\/wp\/v2\/posts\/61462\/revisions\/61464"}],"wp:featuredmedia":[{"embeddable":true,"href":"https:\/\/encuentroinformativo.com.mx\/index.php?rest_route=\/wp\/v2\/media\/61463"}],"wp:attachment":[{"href":"https:\/\/encuentroinformativo.com.mx\/index.php?rest_route=%2Fwp%2Fv2%2Fmedia&parent=61462"}],"wp:term":[{"taxonomy":"category","embeddable":true,"href":"https:\/\/encuentroinformativo.com.mx\/index.php?rest_route=%2Fwp%2Fv2%2Fcategories&post=61462"},{"taxonomy":"post_tag","embeddable":true,"href":"https:\/\/encuentroinformativo.com.mx\/index.php?rest_route=%2Fwp%2Fv2%2Ftags&post=61462"}],"curies":[{"name":"wp","href":"https:\/\/api.w.org\/{rel}","templated":true}]}}