{"id":61471,"date":"2024-12-02T12:39:05","date_gmt":"2024-12-02T18:39:05","guid":{"rendered":"https:\/\/encuentroinformativo.com.mx\/?p=61471"},"modified":"2024-12-02T12:39:12","modified_gmt":"2024-12-02T18:39:12","slug":"vamos-a-erradicar-el-analfabetismo-claudia-tello","status":"publish","type":"post","link":"https:\/\/encuentroinformativo.com.mx\/?p=61471","title":{"rendered":"Vamos a erradicar el analfabetismo: Claudia Tello"},"content":{"rendered":"\n<p><strong>Dar\u00edo Pale <\/strong><\/p>\n\n\n\n<p>Xalapa, Ver.- No habr\u00e1 m\u00e1s aviadores en la Secretar\u00eda de Educaci\u00f3n de Veracruz (SEV), promete la secretaria Claudia Tello Espinosa, &#8220;vamos a seguir luchando en contra de la corrupci\u00f3n, vamos a erradicar el analfabetismo\u201d.<\/p>\n\n\n\n<p>Solicit\u00f3 el apoyo para sacar al Estado del rezago educativo y, al mismo tiempo, advirti\u00f3 que no se tolerar\u00e1n m\u00e1s aviadores, esto en el primer d\u00eda de actividades de la nueva titular de la Secretar\u00eda de Educaci\u00f3n de Veracruz.<\/p>\n\n\n\n<p>Al encabezar los honores a la Bandera en la explanada de la dependencia, lament\u00f3 que Veracruz se ubique en el lugar 25 en rezago educativo, de manera que hay mucho por hacer para sacar a la Entidad de los \u00faltimos lugares.<br>Para ello, advirti\u00f3 que no aceptar\u00e1n aviadores en ning\u00fan \u00e1rea de la Secretar\u00eda y record\u00f3 que eso mismo ofreci\u00f3 y se comprometi\u00f3 la gobernadora Roc\u00edo Nahle Garc\u00eda, \u201cni uno solo\u201d.<\/p>\n\n\n\n<p>Al presentarse ante el personal de la dependencia, dio a conocer su experiencia en el \u00e1mbito educativo, adem\u00e1s del laboral, tambi\u00e9n dijo que continuar\u00e1n con el eje de la austeridad republicana.<\/p>\n\n\n\n<p>&#8220;Vamos a seguir luchando en contra de la corrupci\u00f3n, vamos a erradicar el analfabetismo\u201d, expres\u00f3.<\/p>\n\n\n\n<p>Tello Espinosa mencion\u00f3 que las puertas de la SEV siempre estar\u00e1n abiertas todos los d\u00edas a todas las horas para atender los problemas educativos del Estado.<\/p>\n\n\n\n<p>Resalt\u00f3 que durante su gesti\u00f3n se buscar\u00e1 la calidad educativa, para que \u00e9sta se vuelva en excelencia.<\/p>\n\n\n\n<p>Finalmente se\u00f1al\u00f3 que, \u201cy estoy segura que en unidad lo vamos a lograr, porque una tarea fundamental son los ni\u00f1os y j\u00f3venes, cuento con ustedes y ustedes cuentan conmigo\u201d.<\/p>\n","protected":false},"excerpt":{"rendered":"<p>Dar\u00edo Pale Xalapa, Ver.- No habr\u00e1 m\u00e1s aviadores en la Secretar\u00eda de Educaci\u00f3n de Veracruz (SEV), promete la secretaria Claudia Tello Espinosa, &#8220;vamos a seguir luchando en contra de la corrupci\u00f3n, vamos a erradicar el analfabetismo\u201d. Solicit\u00f3 el apoyo para sacar al Estado del rezago educativo y, al mismo tiempo, advirti\u00f3 que no se tolerar\u00e1n [&hellip;]<\/p>\n","protected":false},"author":2476,"featured_media":61472,"comment_status":"open","ping_status":"open","sticky":false,"template":"","format":"standard","meta":{"_jetpack_memberships_contains_paid_content":false,"footnotes":""},"categories":[2],"tags":[],"class_list":["post-61471","post","type-post","status-publish","format-standard","has-post-thumbnail","hentry","category-estado"],"jetpack_featured_media_url":"https:\/\/encuentroinformativo.com.mx\/wp-content\/uploads\/2024\/12\/IMG-20241202-WA00402.jpg","jetpack_sharing_enabled":true,"jetpack_likes_enabled":true,"amp_enabled":true,"_links":{"self":[{"href":"https:\/\/encuentroinformativo.com.mx\/index.php?rest_route=\/wp\/v2\/posts\/61471","targetHints":{"allow":["GET"]}}],"collection":[{"href":"https:\/\/encuentroinformativo.com.mx\/index.php?rest_route=\/wp\/v2\/posts"}],"about":[{"href":"https:\/\/encuentroinformativo.com.mx\/index.php?rest_route=\/wp\/v2\/types\/post"}],"author":[{"embeddable":true,"href":"https:\/\/encuentroinformativo.com.mx\/index.php?rest_route=\/wp\/v2\/users\/2476"}],"replies":[{"embeddable":true,"href":"https:\/\/encuentroinformativo.com.mx\/index.php?rest_route=%2Fwp%2Fv2%2Fcomments&post=61471"}],"version-history":[{"count":1,"href":"https:\/\/encuentroinformativo.com.mx\/index.php?rest_route=\/wp\/v2\/posts\/61471\/revisions"}],"predecessor-version":[{"id":61473,"href":"https:\/\/encuentroinformativo.com.mx\/index.php?rest_route=\/wp\/v2\/posts\/61471\/revisions\/61473"}],"wp:featuredmedia":[{"embeddable":true,"href":"https:\/\/encuentroinformativo.com.mx\/index.php?rest_route=\/wp\/v2\/media\/61472"}],"wp:attachment":[{"href":"https:\/\/encuentroinformativo.com.mx\/index.php?rest_route=%2Fwp%2Fv2%2Fmedia&parent=61471"}],"wp:term":[{"taxonomy":"category","embeddable":true,"href":"https:\/\/encuentroinformativo.com.mx\/index.php?rest_route=%2Fwp%2Fv2%2Fcategories&post=61471"},{"taxonomy":"post_tag","embeddable":true,"href":"https:\/\/encuentroinformativo.com.mx\/index.php?rest_route=%2Fwp%2Fv2%2Ftags&post=61471"}],"curies":[{"name":"wp","href":"https:\/\/api.w.org\/{rel}","templated":true}]}}