{"id":61539,"date":"2024-12-04T13:41:34","date_gmt":"2024-12-04T19:41:34","guid":{"rendered":"https:\/\/encuentroinformativo.com.mx\/?p=61539"},"modified":"2024-12-04T13:43:25","modified_gmt":"2024-12-04T19:43:25","slug":"fabian-cardenas-busca-asumir-alcaldia-de-lerdo","status":"publish","type":"post","link":"https:\/\/encuentroinformativo.com.mx\/?p=61539","title":{"rendered":"Fabi\u00e1n C\u00e1rdenas busca asumir alcald\u00eda de Lerdo"},"content":{"rendered":"\n<p><strong>Dar\u00edo Pale <\/strong><\/p>\n\n\n\n<p>Xalapa, Ver.- Este d\u00eda lleg\u00f3 al Congreso del Estado Fabi\u00e1n C\u00e1rdenas Sosa para solicitar que lo designen alcalde de Lerdo, tras tres a\u00f1os de prisi\u00f3n ya que gan\u00f3 las elecciones en la pasada contienda electoral y a\u00fan le queda un a\u00f1o.<\/p>\n\n\n\n<p>En entrevista el alcalde electo del municipio de Lerdo de Tejada, Fabi\u00e1n C\u00e1rdenas Sosa, manifest\u00f3 que lleg\u00f3 al Congreso del Estado a solicitar que sea designado presidente municipal en funciones, luego de pasar casi tres a\u00f1os preso en el penal de Pacho Viejo, municipio de Coatepec.&nbsp;<\/p>\n\n\n\n<p>&#8220;Para comentar concerniente al tema y me puedan restituir como alcalde de Lerdo\u201d, expres\u00f3 y esquiv\u00f3 calificar lo que le sucedi\u00f3 como una traici\u00f3n y si las hubo ser\u00e1 Dios el que juzgue.<\/p>\n\n\n\n<p>En entrevista, el edil de Morena, afirm\u00f3 que fue absuelto de todos los delitos por el que fue detenido como secuestro agravado, secuestro agravado equiparado y amenazas.&nbsp;<\/p>\n\n\n\n<p>Record\u00f3 que fue el jueves de la semana pasada cuando fue puesto en libertad, por lo que se traslad\u00f3 a su municipio.&nbsp;<\/p>\n\n\n\n<p>\u201cYo no tengo nada en contra de nadie, yo todo se lo dejo a Dios, all\u00e1 est\u00e1 la justicia divida\u201d, manifest\u00f3 al tiempo de negar que haya sido un preso pol\u00edtico, asever\u00f3 que durante esos tres a\u00f1os libr\u00f3 todos los procesos penales en su contra y al final prob\u00f3 su inocencia.&nbsp;<\/p>\n\n\n\n<p>C\u00e1rdenas Sosa evit\u00f3 atribuir esta situaci\u00f3n a alguna circunstancia en particular y expres\u00f3 que quiz\u00e1 no era el momento de gobernar Lerdo de Tejada y que por lo tanto ten\u00eda que estar en donde estuvo.&nbsp;<\/p>\n\n\n\n<p>\u201cYo conf\u00edo en que la Ley es justa y si hoy el pueblo me confiri\u00f3 que yo fuera su representante dentro del municipio de Lerdo de Tejada, lo \u00fanico que me queda es responderle a todos y cada uno de los lerdenses\u201d, manifest\u00f3.&nbsp;<\/p>\n\n\n\n<p>Respecto del trabajo hecho por la s\u00edndica, Mar\u00eda Esther Arr\u00f3niz L\u00f3pez, quien ejerci\u00f3 el cargo, dijo que no es quien para calificar su desempe\u00f1o, para ello est\u00e1 el pueblo.&nbsp;<\/p>\n\n\n\n<p>Finalmente, destac\u00f3 que al salir de la casa de su mam\u00e1 hab\u00eda m\u00e1s de 2 mil 500 personas que estaban esper\u00e1ndolo.<\/p>\n","protected":false},"excerpt":{"rendered":"<p>Dar\u00edo Pale Xalapa, Ver.- Este d\u00eda lleg\u00f3 al Congreso del Estado Fabi\u00e1n C\u00e1rdenas Sosa para solicitar que lo designen alcalde de Lerdo, tras tres a\u00f1os de prisi\u00f3n ya que gan\u00f3 las elecciones en la pasada contienda electoral y a\u00fan le queda un a\u00f1o. En entrevista el alcalde electo del municipio de Lerdo de Tejada, Fabi\u00e1n [&hellip;]<\/p>\n","protected":false},"author":2476,"featured_media":61540,"comment_status":"open","ping_status":"open","sticky":false,"template":"","format":"standard","meta":{"_jetpack_memberships_contains_paid_content":false,"footnotes":""},"categories":[2],"tags":[],"class_list":["post-61539","post","type-post","status-publish","format-standard","has-post-thumbnail","hentry","category-estado"],"jetpack_featured_media_url":"https:\/\/encuentroinformativo.com.mx\/wp-content\/uploads\/2024\/12\/IMG-20241204-WA0031.jpg","jetpack_sharing_enabled":true,"jetpack_likes_enabled":true,"amp_enabled":true,"_links":{"self":[{"href":"https:\/\/encuentroinformativo.com.mx\/index.php?rest_route=\/wp\/v2\/posts\/61539","targetHints":{"allow":["GET"]}}],"collection":[{"href":"https:\/\/encuentroinformativo.com.mx\/index.php?rest_route=\/wp\/v2\/posts"}],"about":[{"href":"https:\/\/encuentroinformativo.com.mx\/index.php?rest_route=\/wp\/v2\/types\/post"}],"author":[{"embeddable":true,"href":"https:\/\/encuentroinformativo.com.mx\/index.php?rest_route=\/wp\/v2\/users\/2476"}],"replies":[{"embeddable":true,"href":"https:\/\/encuentroinformativo.com.mx\/index.php?rest_route=%2Fwp%2Fv2%2Fcomments&post=61539"}],"version-history":[{"count":2,"href":"https:\/\/encuentroinformativo.com.mx\/index.php?rest_route=\/wp\/v2\/posts\/61539\/revisions"}],"predecessor-version":[{"id":61542,"href":"https:\/\/encuentroinformativo.com.mx\/index.php?rest_route=\/wp\/v2\/posts\/61539\/revisions\/61542"}],"wp:featuredmedia":[{"embeddable":true,"href":"https:\/\/encuentroinformativo.com.mx\/index.php?rest_route=\/wp\/v2\/media\/61540"}],"wp:attachment":[{"href":"https:\/\/encuentroinformativo.com.mx\/index.php?rest_route=%2Fwp%2Fv2%2Fmedia&parent=61539"}],"wp:term":[{"taxonomy":"category","embeddable":true,"href":"https:\/\/encuentroinformativo.com.mx\/index.php?rest_route=%2Fwp%2Fv2%2Fcategories&post=61539"},{"taxonomy":"post_tag","embeddable":true,"href":"https:\/\/encuentroinformativo.com.mx\/index.php?rest_route=%2Fwp%2Fv2%2Ftags&post=61539"}],"curies":[{"name":"wp","href":"https:\/\/api.w.org\/{rel}","templated":true}]}}