{"id":61549,"date":"2024-12-04T14:09:16","date_gmt":"2024-12-04T20:09:16","guid":{"rendered":"https:\/\/encuentroinformativo.com.mx\/?p=61549"},"modified":"2024-12-04T14:09:24","modified_gmt":"2024-12-04T20:09:24","slug":"analizara-congreso-solicitud-de-alcalde-electo-de-lerdo-para-asumir-el-cargo","status":"publish","type":"post","link":"https:\/\/encuentroinformativo.com.mx\/?p=61549","title":{"rendered":"Analizar\u00e1 Congreso solicitud de alcalde electo de Lerdo para asumir el cargo"},"content":{"rendered":"\n<p><strong>Dar\u00edo Pale <\/strong><\/p>\n\n\n\n<p>Xalapa, Ver.- Revisar\u00e1 el Congreso del Estado la situaci\u00f3n de Fabi\u00e1n C\u00e1rdenas para definir si rinde protesta como alcalde de Lerdo de Tejada, as\u00ed lo dio a conocer el presidente de la Junta de Coordinaci\u00f3n Pol\u00edtica (JUCOPO), Esteban Bautista Hern\u00e1ndez.<\/p>\n\n\n\n<p>En entrevista, indic\u00f3 que se revisar\u00e1 la situaci\u00f3n legal del alcalde electo del municipio de Lerdo de Tejada, Fabi\u00e1n C\u00e1rdenas Sosa para definir si rinde protesta como presidente municipal.\u00a0<\/p>\n\n\n\n<p>En entrevista, el legislador de Morena, afirm\u00f3 que C\u00e1rdenas Sosa est\u00e1 en todo su derecho de solicitar rendir protesta, luego de haber estado casi tres a\u00f1os en prisi\u00f3n por diversos delitos como secuestro agravado.\u00a0<\/p>\n\n\n\n<p>\u201c\u00c9l est\u00e1 en su derecho de solicitarlo, vino a platicar, yo le ped\u00ed que entregue el expediente para que nosotros podamos dar una opini\u00f3n. Necesitamos ver en qu\u00e9 condiciones sali\u00f3. \u00c9l est\u00e1 interesado (en hacerse cargo de la administraci\u00f3n)\u201d, se\u00f1al\u00f3.\u00a0<\/p>\n\n\n\n<p>Revel\u00f3 que la s\u00edndica, Mar\u00eda Esther Arr\u00f3niz L\u00f3pez, quien se ha hecho cargo de la presidencia municipal, le mand\u00f3 un mensaje y le respondi\u00f3 que tambi\u00e9n ser\u00e1 escuchada.\u00a0<\/p>\n\n\n\n<p>Bautista Hern\u00e1ndez indic\u00f3 que el expediente de C\u00e1rdenas Sosa se turnar\u00e1 a la comisi\u00f3n de Justicia y Puntos Constitucionales para su an\u00e1lisis.\u00a0<\/p>\n\n\n\n<p>En otro tema, el presidente de la JUCOPO inform\u00f3 que 50 personas que laboraban en esta soberan\u00eda ya no fueron recontratados, lo cual significa un ahorro en el presupuesto.<\/p>\n\n\n\n<p>\u201cVamos a hacer cuentas, hay gentes que cobraban un salario muy alto, por arriba de 60, 70 mil pesos, hay otros sindicalizados que ganaban un sueldo muy bajo\u201d, mencion\u00f3.<\/p>\n\n\n\n<p>Por \u00faltimo descart\u00f3 que esta reducci\u00f3n de trabajadores afecte la operatividad del Congreso del Estado, lo cual se demostr\u00f3 el pasado 1 de diciembre, cuando rindi\u00f3 protesta la gobernadora electa, Roc\u00edo Nahle Garc\u00eda, evento al que acudi\u00f3 la presidenta Claudia Sheinbaum.<\/p>\n","protected":false},"excerpt":{"rendered":"<p>Dar\u00edo Pale Xalapa, Ver.- Revisar\u00e1 el Congreso del Estado la situaci\u00f3n de Fabi\u00e1n C\u00e1rdenas para definir si rinde protesta como alcalde de Lerdo de Tejada, as\u00ed lo dio a conocer el presidente de la Junta de Coordinaci\u00f3n Pol\u00edtica (JUCOPO), Esteban Bautista Hern\u00e1ndez. En entrevista, indic\u00f3 que se revisar\u00e1 la situaci\u00f3n legal del alcalde electo del [&hellip;]<\/p>\n","protected":false},"author":2476,"featured_media":61550,"comment_status":"open","ping_status":"open","sticky":false,"template":"","format":"standard","meta":{"_jetpack_memberships_contains_paid_content":false,"footnotes":""},"categories":[2],"tags":[],"class_list":["post-61549","post","type-post","status-publish","format-standard","has-post-thumbnail","hentry","category-estado"],"jetpack_featured_media_url":"https:\/\/encuentroinformativo.com.mx\/wp-content\/uploads\/2024\/12\/IMG-20241204-WA00422.jpg","jetpack_sharing_enabled":true,"jetpack_likes_enabled":true,"amp_enabled":true,"_links":{"self":[{"href":"https:\/\/encuentroinformativo.com.mx\/index.php?rest_route=\/wp\/v2\/posts\/61549","targetHints":{"allow":["GET"]}}],"collection":[{"href":"https:\/\/encuentroinformativo.com.mx\/index.php?rest_route=\/wp\/v2\/posts"}],"about":[{"href":"https:\/\/encuentroinformativo.com.mx\/index.php?rest_route=\/wp\/v2\/types\/post"}],"author":[{"embeddable":true,"href":"https:\/\/encuentroinformativo.com.mx\/index.php?rest_route=\/wp\/v2\/users\/2476"}],"replies":[{"embeddable":true,"href":"https:\/\/encuentroinformativo.com.mx\/index.php?rest_route=%2Fwp%2Fv2%2Fcomments&post=61549"}],"version-history":[{"count":1,"href":"https:\/\/encuentroinformativo.com.mx\/index.php?rest_route=\/wp\/v2\/posts\/61549\/revisions"}],"predecessor-version":[{"id":61551,"href":"https:\/\/encuentroinformativo.com.mx\/index.php?rest_route=\/wp\/v2\/posts\/61549\/revisions\/61551"}],"wp:featuredmedia":[{"embeddable":true,"href":"https:\/\/encuentroinformativo.com.mx\/index.php?rest_route=\/wp\/v2\/media\/61550"}],"wp:attachment":[{"href":"https:\/\/encuentroinformativo.com.mx\/index.php?rest_route=%2Fwp%2Fv2%2Fmedia&parent=61549"}],"wp:term":[{"taxonomy":"category","embeddable":true,"href":"https:\/\/encuentroinformativo.com.mx\/index.php?rest_route=%2Fwp%2Fv2%2Fcategories&post=61549"},{"taxonomy":"post_tag","embeddable":true,"href":"https:\/\/encuentroinformativo.com.mx\/index.php?rest_route=%2Fwp%2Fv2%2Ftags&post=61549"}],"curies":[{"name":"wp","href":"https:\/\/api.w.org\/{rel}","templated":true}]}}