{"id":61555,"date":"2024-12-04T15:48:33","date_gmt":"2024-12-04T21:48:33","guid":{"rendered":"https:\/\/encuentroinformativo.com.mx\/?p=61555"},"modified":"2024-12-04T15:48:39","modified_gmt":"2024-12-04T21:48:39","slug":"proximo-sabado-14-invitan-a-desfile-navideno","status":"publish","type":"post","link":"https:\/\/encuentroinformativo.com.mx\/?p=61555","title":{"rendered":"Pr\u00f3ximo s\u00e1bado 14, Invitan a Desfile Navide\u00f1o"},"content":{"rendered":"\n<p><strong>Dar\u00edo Pale <\/strong><\/p>\n\n\n\n<p>Xalapa, Ver.- Dan a conocer la realizaci\u00f3n de la octava edici\u00f3n del \u201cDesfile Navide\u00f1o\u201d organizado por la asociaci\u00f3n civil \u201cSumando Voluntades\u201d, con el cual se busca propiciar un ambiente de celebraci\u00f3n con motivo de la Navidad.<\/p>\n\n\n\n<p>En conferencia de prensa, Leonardo Ruiz coordinador del evento se\u00f1al\u00f3 que, el desfile Navide\u00f1o 2024, recorrer\u00e1 las principales calles de Xalapa, el cual se realizar\u00e1 el pr\u00f3ximo s\u00e1bado 14 de diciembre.<\/p>\n\n\n\n<p>El desfile dar\u00e1 inicio en punto de las 18:00 horas teniendo como punto de partida la esquina de Santos Degollado y Xalape\u00f1os Ilustres, en el centro de la ciudad.\u00a0<\/p>\n\n\n\n<p>Posteriormente recorrer\u00e1 la calle Enr\u00edquez y la avenida Manuel \u00c1vila Camacho para culminar en el parque Los Tecajetes.<\/p>\n\n\n\n<p>Los organizadores recalcaron que el prop\u00f3sito de esta iniciativa es seguir proyectando la cultura, tradici\u00f3n y el trabajo de la ciudadan\u00eda que se suma al recorrido.<\/p>\n\n\n\n<p>&#8220;Habr\u00e1 una participaci\u00f3n de 6 mil a 7 mil participantes con carros aleg\u00f3ricos, comparsas, ballets, compa\u00f1\u00edas, marching bands, payasos, superh\u00e9roes; va a ser variado para toda la familia&#8221;, mencion\u00f3.<\/p>\n\n\n\n<p>Por \u00faltimo el activista agreg\u00f3 que m\u00e1s de 7 mil 200 personas han participado en las diferentes ediciones del desfile, desde ni\u00f1os hasta j\u00f3venes, adultos y familias enteras, por lo que hizo extensiva la invitaci\u00f3n al p\u00fablico en general.<\/p>\n","protected":false},"excerpt":{"rendered":"<p>Dar\u00edo Pale Xalapa, Ver.- Dan a conocer la realizaci\u00f3n de la octava edici\u00f3n del \u201cDesfile Navide\u00f1o\u201d organizado por la asociaci\u00f3n civil \u201cSumando Voluntades\u201d, con el cual se busca propiciar un ambiente de celebraci\u00f3n con motivo de la Navidad. En conferencia de prensa, Leonardo Ruiz coordinador del evento se\u00f1al\u00f3 que, el desfile Navide\u00f1o 2024, recorrer\u00e1 las [&hellip;]<\/p>\n","protected":false},"author":2476,"featured_media":61556,"comment_status":"open","ping_status":"open","sticky":false,"template":"","format":"standard","meta":{"_jetpack_memberships_contains_paid_content":false,"footnotes":""},"categories":[3],"tags":[],"class_list":["post-61555","post","type-post","status-publish","format-standard","has-post-thumbnail","hentry","category-xalapa"],"jetpack_featured_media_url":"https:\/\/encuentroinformativo.com.mx\/wp-content\/uploads\/2024\/12\/IMG-20241204-WA0055.jpg","jetpack_sharing_enabled":true,"jetpack_likes_enabled":true,"amp_enabled":true,"_links":{"self":[{"href":"https:\/\/encuentroinformativo.com.mx\/index.php?rest_route=\/wp\/v2\/posts\/61555","targetHints":{"allow":["GET"]}}],"collection":[{"href":"https:\/\/encuentroinformativo.com.mx\/index.php?rest_route=\/wp\/v2\/posts"}],"about":[{"href":"https:\/\/encuentroinformativo.com.mx\/index.php?rest_route=\/wp\/v2\/types\/post"}],"author":[{"embeddable":true,"href":"https:\/\/encuentroinformativo.com.mx\/index.php?rest_route=\/wp\/v2\/users\/2476"}],"replies":[{"embeddable":true,"href":"https:\/\/encuentroinformativo.com.mx\/index.php?rest_route=%2Fwp%2Fv2%2Fcomments&post=61555"}],"version-history":[{"count":1,"href":"https:\/\/encuentroinformativo.com.mx\/index.php?rest_route=\/wp\/v2\/posts\/61555\/revisions"}],"predecessor-version":[{"id":61557,"href":"https:\/\/encuentroinformativo.com.mx\/index.php?rest_route=\/wp\/v2\/posts\/61555\/revisions\/61557"}],"wp:featuredmedia":[{"embeddable":true,"href":"https:\/\/encuentroinformativo.com.mx\/index.php?rest_route=\/wp\/v2\/media\/61556"}],"wp:attachment":[{"href":"https:\/\/encuentroinformativo.com.mx\/index.php?rest_route=%2Fwp%2Fv2%2Fmedia&parent=61555"}],"wp:term":[{"taxonomy":"category","embeddable":true,"href":"https:\/\/encuentroinformativo.com.mx\/index.php?rest_route=%2Fwp%2Fv2%2Fcategories&post=61555"},{"taxonomy":"post_tag","embeddable":true,"href":"https:\/\/encuentroinformativo.com.mx\/index.php?rest_route=%2Fwp%2Fv2%2Ftags&post=61555"}],"curies":[{"name":"wp","href":"https:\/\/api.w.org\/{rel}","templated":true}]}}