{"id":61561,"date":"2024-12-04T23:14:18","date_gmt":"2024-12-05T05:14:18","guid":{"rendered":"https:\/\/encuentroinformativo.com.mx\/?p=61561"},"modified":"2024-12-04T23:14:49","modified_gmt":"2024-12-05T05:14:49","slug":"en-el-congreso-promueven-campana-de-vacunacion-contra-la-influenza","status":"publish","type":"post","link":"https:\/\/encuentroinformativo.com.mx\/?p=61561","title":{"rendered":"En el Congreso, promueven campa\u00f1a de vacunaci\u00f3n contra la influenza"},"content":{"rendered":"\n<ul class=\"wp-block-list\"><li><strong>Acciones de refuerzo dan continuidad a la campa\u00f1a nacional de vacunaci\u00f3n que inici\u00f3 el pasado 15 de octubre.<\/strong><\/li><\/ul>\n\n\n\n<p>Xalapa, Ver.- La Comisi\u00f3n Permanente de Salud y Asistencia, presidida por la diputada Janeth Adanely Rodr\u00edguez Rodr\u00edguez y el Servicio M\u00e9dico del Congreso del Estado, a cargo de la doctora Claudia del Rosario Garc\u00eda P\u00e9rez, realizaron una campa\u00f1a de vacunaci\u00f3n dirigida al personal del Palacio Legislativo y sus familias, como parte de las acciones preventivas ante el pr\u00f3ximo inicio de la temporada invernal.<\/p>\n\n\n\n<p>Con el respaldo de la Secretar\u00eda de Salud estatal (SS), fueron aplicados los biol\u00f3gicos contra la influenza A y B, neumococo y hepatitis, as\u00ed como pruebas de fuerza a trav\u00e9s de dinam\u00f3metro, colesterol, triglic\u00e9ridos, glucosa. Adem\u00e1s, en el marco del D\u00eda Mundial de Lucha contra el SIDA, detecci\u00f3n de VIH y s\u00edfilis; entrega de suplementos alimenticios y preservativos.<\/p>\n\n\n\n<p>La legisladora Janeth Adanely Rodr\u00edguez Rodr\u00edguez reconoci\u00f3 que parte de su programa anual de trabajo es continuar con las jornadas de salud dirigidas a la plantilla laboral del Congreso y sus familias, adem\u00e1s, entre otras acciones, realizar las gestiones necesarias para reproducir estas medidas preventivas de la salud en la entidad.<\/p>\n\n\n\n<p>Se\u00f1al\u00f3 que la comisi\u00f3n legislativa trabajar\u00e1 en coordinaci\u00f3n con las estrategias de salud que implemente el gobierno estatal; adem\u00e1s de promover la lucha contra la obesidad infantil, atenci\u00f3n a enfermedades cardiovasculares, abastecimiento de medicamentos, entre otros, apunt\u00f3.<\/p>\n\n\n\n<p>Finalmente, indic\u00f3 que desde que asumi\u00f3 la presidencia de la Comisi\u00f3n de Salud y Asistencia de la LXVII Legislatura, se reuni\u00f3 con el personal del Servicio M\u00e9dico del Congreso local, para conocer el estado de salud actual que guarda el personal de este poder, as\u00ed como para realizar la planeaci\u00f3n de las siguientes jornadas m\u00e9dicas, considerando padecimientos de temporada, poblaci\u00f3n con enfermedades cr\u00f3nico-degenerativas y de prevenci\u00f3n.<\/p>\n","protected":false},"excerpt":{"rendered":"<p>Acciones de refuerzo dan continuidad a la campa\u00f1a nacional de vacunaci\u00f3n que inici\u00f3 el pasado 15 de octubre. Xalapa, Ver.- La Comisi\u00f3n Permanente de Salud y Asistencia, presidida por la diputada Janeth Adanely Rodr\u00edguez Rodr\u00edguez y el Servicio M\u00e9dico del Congreso del Estado, a cargo de la doctora Claudia del Rosario Garc\u00eda P\u00e9rez, realizaron una [&hellip;]<\/p>\n","protected":false},"author":2476,"featured_media":61562,"comment_status":"open","ping_status":"open","sticky":false,"template":"","format":"standard","meta":{"_jetpack_memberships_contains_paid_content":false,"footnotes":""},"categories":[9],"tags":[],"class_list":["post-61561","post","type-post","status-publish","format-standard","has-post-thumbnail","hentry","category-salud"],"jetpack_featured_media_url":"https:\/\/encuentroinformativo.com.mx\/wp-content\/uploads\/2024\/12\/NOV04DIC2024VACUNAS2.jpeg","jetpack_sharing_enabled":true,"jetpack_likes_enabled":true,"amp_enabled":true,"_links":{"self":[{"href":"https:\/\/encuentroinformativo.com.mx\/index.php?rest_route=\/wp\/v2\/posts\/61561","targetHints":{"allow":["GET"]}}],"collection":[{"href":"https:\/\/encuentroinformativo.com.mx\/index.php?rest_route=\/wp\/v2\/posts"}],"about":[{"href":"https:\/\/encuentroinformativo.com.mx\/index.php?rest_route=\/wp\/v2\/types\/post"}],"author":[{"embeddable":true,"href":"https:\/\/encuentroinformativo.com.mx\/index.php?rest_route=\/wp\/v2\/users\/2476"}],"replies":[{"embeddable":true,"href":"https:\/\/encuentroinformativo.com.mx\/index.php?rest_route=%2Fwp%2Fv2%2Fcomments&post=61561"}],"version-history":[{"count":1,"href":"https:\/\/encuentroinformativo.com.mx\/index.php?rest_route=\/wp\/v2\/posts\/61561\/revisions"}],"predecessor-version":[{"id":61563,"href":"https:\/\/encuentroinformativo.com.mx\/index.php?rest_route=\/wp\/v2\/posts\/61561\/revisions\/61563"}],"wp:featuredmedia":[{"embeddable":true,"href":"https:\/\/encuentroinformativo.com.mx\/index.php?rest_route=\/wp\/v2\/media\/61562"}],"wp:attachment":[{"href":"https:\/\/encuentroinformativo.com.mx\/index.php?rest_route=%2Fwp%2Fv2%2Fmedia&parent=61561"}],"wp:term":[{"taxonomy":"category","embeddable":true,"href":"https:\/\/encuentroinformativo.com.mx\/index.php?rest_route=%2Fwp%2Fv2%2Fcategories&post=61561"},{"taxonomy":"post_tag","embeddable":true,"href":"https:\/\/encuentroinformativo.com.mx\/index.php?rest_route=%2Fwp%2Fv2%2Ftags&post=61561"}],"curies":[{"name":"wp","href":"https:\/\/api.w.org\/{rel}","templated":true}]}}