{"id":61564,"date":"2024-12-04T23:19:33","date_gmt":"2024-12-05T05:19:33","guid":{"rendered":"https:\/\/encuentroinformativo.com.mx\/?p=61564"},"modified":"2024-12-04T23:20:04","modified_gmt":"2024-12-05T05:20:04","slug":"exhorta-diputado-a-conformar-el-consejo-estatal-para-personas-con-discapacidad","status":"publish","type":"post","link":"https:\/\/encuentroinformativo.com.mx\/?p=61564","title":{"rendered":"Exhorta diputado a conformar el Consejo Estatal para Personas con Discapacidad"},"content":{"rendered":"\n<ul class=\"wp-block-list\"><li><strong>Los poderes Ejecutivo y Judicial, as\u00ed como la UV, deben acreditar a los integrantes de dicho \u00f3rgano: H\u00e9ctor Yunes<\/strong>.<\/li><\/ul>\n\n\n\n<p>Xalapa, Ver.-\u00a0En la octava sesi\u00f3n, el diputado H\u00e9ctor Yunes Landa present\u00f3 un Anteproyecto con Punto de Acuerdo que prev\u00e9 exhortar a las titulares de los Poderes Ejecutivo y Judicial, as\u00ed como a la Universidad Veracruzana (UV), para que acrediten a los integrantes que forman parte del Consejo Estatal para las Personas con Discapacidad.<\/p>\n\n\n\n<p>En consecuencia, el legislador propone solicitar a la Junta de Coordinaci\u00f3n Pol\u00edtica (Jucopo) para que, previa convocatoria y con intervenci\u00f3n de la Comisi\u00f3n Permanente de Derechos Humanos y Atenci\u00f3n a Grupos Vulnerables, sean designadas las personas con discapacidad e integrantes de la sociedad civil, que conformar\u00e1n el Consejo Estatal para las Personas con Discapacidad, en t\u00e9rminos de lo dispuesto por el Art\u00edculo 46 fracciones VIII y IX, de la Ley para la Integraci\u00f3n de las Personas con Discapacidad del Estado.<\/p>\n\n\n\n<p>En su intervenci\u00f3n, el diputado del Partido Revolucionario Institucional (PRI) subray\u00f3 que su anteproyecto tiene como finalidad que los tres poderes del Estado junto con la UV trabajen de manera coordinada con la sociedad civil, \u201crefrendemos nuestro compromiso con las personas con discapacidad tomando acciones e integrando el Consejo Estatal para las Personas con Discapacidad\u201d.<\/p>\n\n\n\n<p>Record\u00f3 que en 2010 fue publicada la Ley para la Integraci\u00f3n de las Personas con Discapacidad del Estado de Veracruz y el reglamento de dicha ley se expidi\u00f3 hasta 2021 y que la citada ley contempla la existencia del Consejo Estatal para las Personas con Discapacidad, el que se conforma por diversos integrantes de la Administraci\u00f3n P\u00fablica Estatal<\/p>\n\n\n\n<p>Se incluye la titularidad del Poder Ejecutivo del Estado, as\u00ed como un integrante del Poder Judicial, uno del Poder Legislativo, uno de la UV, seis personas con discapacidad y un representante de la sociedad civil, indic\u00f3 el diputado, quien agreg\u00f3 que, en t\u00e9rminos de ley, el Congreso local debe designar a seis personas con discapacidad y un representante de la sociedad civil para integrar dicho consejo.<\/p>\n\n\n\n<p>Previamente, el legislador Yunes Landa dijo que el informe mundial sobre la discapacidad emitido por la Organizaci\u00f3n Mundial de la Salud (OMS) y el Banco Mundial, se\u00f1ala como unos de los principales obst\u00e1culos para lograr la integraci\u00f3n y vida digna de las personas con discapacidad la inexistencia de consulta y participaci\u00f3n; la falta de datos y pruebas, puesto que muchas personas con discapacidad est\u00e1n excluidas de la toma de decisiones en cuestiones que afectan directamente a su vida.<\/p>\n\n\n\n<p><strong>Pide diputado respetar normatividad interna<\/strong><\/p>\n\n\n\n<p>En la misma sesi\u00f3n, el diputado present\u00f3 tambi\u00e9n un Anteproyecto con Punto de Acuerdo, mediante el que exhort\u00f3 a la Mesa Directiva a, en cumplimiento con lo dispuesto en el Art\u00edculo 22 de la Ley Org\u00e1nica del Poder Legislativo, conducir los trabajos de las sesiones bajo los principios de libertad, imparcialidad y objetividad. Tambi\u00e9n, para que las sesiones del Pleno inicien con la puntualidad respectiva.<\/p>\n\n\n\n<p>Tras la lectura de ambos anteproyectos, se instruy\u00f3 turnarlos a la Jucopo para el tr\u00e1mite correspondiente.<\/p>\n","protected":false},"excerpt":{"rendered":"<p>Los poderes Ejecutivo y Judicial, as\u00ed como la UV, deben acreditar a los integrantes de dicho \u00f3rgano: H\u00e9ctor Yunes. Xalapa, Ver.-\u00a0En la octava sesi\u00f3n, el diputado H\u00e9ctor Yunes Landa present\u00f3 un Anteproyecto con Punto de Acuerdo que prev\u00e9 exhortar a las titulares de los Poderes Ejecutivo y Judicial, as\u00ed como a la Universidad Veracruzana (UV), [&hellip;]<\/p>\n","protected":false},"author":2476,"featured_media":61565,"comment_status":"open","ping_status":"open","sticky":false,"template":"","format":"standard","meta":{"_jetpack_memberships_contains_paid_content":false,"footnotes":""},"categories":[2],"tags":[],"class_list":["post-61564","post","type-post","status-publish","format-standard","has-post-thumbnail","hentry","category-estado"],"jetpack_featured_media_url":"https:\/\/encuentroinformativo.com.mx\/wp-content\/uploads\/2024\/12\/NOV04DIC2024HECTOR2.jpeg","jetpack_sharing_enabled":true,"jetpack_likes_enabled":true,"amp_enabled":true,"_links":{"self":[{"href":"https:\/\/encuentroinformativo.com.mx\/index.php?rest_route=\/wp\/v2\/posts\/61564","targetHints":{"allow":["GET"]}}],"collection":[{"href":"https:\/\/encuentroinformativo.com.mx\/index.php?rest_route=\/wp\/v2\/posts"}],"about":[{"href":"https:\/\/encuentroinformativo.com.mx\/index.php?rest_route=\/wp\/v2\/types\/post"}],"author":[{"embeddable":true,"href":"https:\/\/encuentroinformativo.com.mx\/index.php?rest_route=\/wp\/v2\/users\/2476"}],"replies":[{"embeddable":true,"href":"https:\/\/encuentroinformativo.com.mx\/index.php?rest_route=%2Fwp%2Fv2%2Fcomments&post=61564"}],"version-history":[{"count":1,"href":"https:\/\/encuentroinformativo.com.mx\/index.php?rest_route=\/wp\/v2\/posts\/61564\/revisions"}],"predecessor-version":[{"id":61566,"href":"https:\/\/encuentroinformativo.com.mx\/index.php?rest_route=\/wp\/v2\/posts\/61564\/revisions\/61566"}],"wp:featuredmedia":[{"embeddable":true,"href":"https:\/\/encuentroinformativo.com.mx\/index.php?rest_route=\/wp\/v2\/media\/61565"}],"wp:attachment":[{"href":"https:\/\/encuentroinformativo.com.mx\/index.php?rest_route=%2Fwp%2Fv2%2Fmedia&parent=61564"}],"wp:term":[{"taxonomy":"category","embeddable":true,"href":"https:\/\/encuentroinformativo.com.mx\/index.php?rest_route=%2Fwp%2Fv2%2Fcategories&post=61564"},{"taxonomy":"post_tag","embeddable":true,"href":"https:\/\/encuentroinformativo.com.mx\/index.php?rest_route=%2Fwp%2Fv2%2Ftags&post=61564"}],"curies":[{"name":"wp","href":"https:\/\/api.w.org\/{rel}","templated":true}]}}