{"id":61570,"date":"2024-12-04T23:33:23","date_gmt":"2024-12-05T05:33:23","guid":{"rendered":"https:\/\/encuentroinformativo.com.mx\/?p=61570"},"modified":"2024-12-04T23:33:54","modified_gmt":"2024-12-05T05:33:54","slug":"elige-congreso-a-ganador-de-la-medalla-adolfo-ruiz-cortines-2024","status":"publish","type":"post","link":"https:\/\/encuentroinformativo.com.mx\/?p=61570","title":{"rendered":"Elige Congreso a ganador de la Medalla \u201cAdolfo Ruiz Cortines\u201d 2024"},"content":{"rendered":"\n<ul class=\"wp-block-list\"><li><strong>Otorgan diputadas y diputados su voto un\u00e1nime al ciudadano Tirso Bautista C\u00e1rdenas<\/strong><\/li><\/ul>\n\n\n\n<p>Xalapa, Ver.- Con 40 votos, el Pleno de la LXVII Legislatura eligi\u00f3 al ciudadano Tirso Bautista C\u00e1rdenas como acreedor de la Medalla y Diploma \u201cAdolfo Ruiz Cortines\u201d 2024.<\/p>\n\n\n\n<p>En la Octava Sesi\u00f3n Ordinaria del Primer Periodo Ordinario del primer a\u00f1o de labores, se present\u00f3 el dictamen suscrito por la Comisi\u00f3n Especial integrada para este fin, que propon\u00eda la terna de personas candidatas. Las diputadas y los diputados, de manera un\u00e1nime, dieron su voto a favor del oriundo de la localidad de Ahuateno, municipio de Chicontepec, Veracruz.<\/p>\n\n\n\n<p>Tirso Bautista C\u00e1rdenas es t\u00e9cnico agr\u00edcola y profesor de educaci\u00f3n ind\u00edgena, docente de la Universidad Pedag\u00f3gica Nacional en la subsede Chicontepec, donde implement\u00f3 estrategias y metodolog\u00edas con enfoque intercultural. Forma parte de los cuerpos de sinodal\u00edas en la misma instituci\u00f3n, donde ha sido tambi\u00e9n gestor cultural para las comunidades de su municipio y de la regi\u00f3n norte de Veracruz.<\/p>\n\n\n\n<p>En el telebachillerato de Chicontepec imparti\u00f3 las materias de biolog\u00eda, qu\u00edmica, ciencias de la tierra y literatura y actividades culturales. Fue tambi\u00e9n representante de la Academia Veracruzana de Lenguas Ind\u00edgenas (Aveli) en el periodo 2007 al 2013 y ha ocupado diferentes cargos de manera honor\u00edfica como comisariado ejidal, presidente del Patronato del Instituto Tecnol\u00f3gico Superior y director de Casa de Cultura.<\/p>\n\n\n\n<p>Es conocida su producci\u00f3n literaria publicada por la Editora de Gobierno y con la colaboraci\u00f3n del Instituto Veracruzano de Educaci\u00f3n para Adultos (IVEA). En 2022, se le confiri\u00f3 dirigir el Departamento de Misiones Culturales y ha llevado el legado de los Pueblos Originarios a todo el pa\u00eds, as\u00ed como a como Cuba, Argentina, China y Estados Unidos.<\/p>\n\n\n\n<p>Ha colaborado con distintas instituciones educativas, pol\u00edticas y culturales, sobresaliendo tambi\u00e9n su participaci\u00f3n en distintos medios de comunicaci\u00f3n.<\/p>\n\n\n\n<p>En reconocimiento a su trayectoria y m\u00e9ritos, en sesi\u00f3n solemne, a celebrarse el d\u00eda que acuerde la Junta de Coordinaci\u00f3n Pol\u00edtica, en el Recinto Oficial de Sesiones, con la presencia de la Gobernadora Constitucional del estado y la presidenta del Tribunal Superior de Justicia y del Consejo de la Judicatura estatal, el Pleno de la LXVII Legislatura entregar\u00e1 la Medalla y Diploma \u201cAdolfo Ruiz Cortines\u201d al profesor Tirso Bautista C\u00e1rdenas.<\/p>\n\n\n\n<p>La Comisi\u00f3n Especial responsable de llevar adelante el proceso, desde la emisi\u00f3n de la convocatoria hasta la presentaci\u00f3n del dictamen, estuvo integrada por las diputadas Bertha Rosal\u00eda Ahued Malpica, presidenta, Ang\u00e9lica Pe\u00f1a Mart\u00ednez, secretaria, Mar\u00eda Elena C\u00f3rdova Molina, Dulce Mar\u00eda Hern\u00e1ndez Tepole, Indira de Jes\u00fas Rosales San Rom\u00e1n y Ana Rosa Vald\u00e9s Salazar, as\u00ed como por el diputado Jos\u00e9 Reveriano Mar\u00edn Hern\u00e1ndez, en calidad de vocales.<\/p>\n","protected":false},"excerpt":{"rendered":"<p>Otorgan diputadas y diputados su voto un\u00e1nime al ciudadano Tirso Bautista C\u00e1rdenas Xalapa, Ver.- Con 40 votos, el Pleno de la LXVII Legislatura eligi\u00f3 al ciudadano Tirso Bautista C\u00e1rdenas como acreedor de la Medalla y Diploma \u201cAdolfo Ruiz Cortines\u201d 2024. En la Octava Sesi\u00f3n Ordinaria del Primer Periodo Ordinario del primer a\u00f1o de labores, se [&hellip;]<\/p>\n","protected":false},"author":2476,"featured_media":61571,"comment_status":"open","ping_status":"open","sticky":false,"template":"","format":"standard","meta":{"_jetpack_memberships_contains_paid_content":false,"footnotes":""},"categories":[2],"tags":[],"class_list":["post-61570","post","type-post","status-publish","format-standard","has-post-thumbnail","hentry","category-estado"],"jetpack_featured_media_url":"https:\/\/encuentroinformativo.com.mx\/wp-content\/uploads\/2024\/12\/NOV04DIC2024MEDALLA1.jpeg","jetpack_sharing_enabled":true,"jetpack_likes_enabled":true,"amp_enabled":true,"_links":{"self":[{"href":"https:\/\/encuentroinformativo.com.mx\/index.php?rest_route=\/wp\/v2\/posts\/61570","targetHints":{"allow":["GET"]}}],"collection":[{"href":"https:\/\/encuentroinformativo.com.mx\/index.php?rest_route=\/wp\/v2\/posts"}],"about":[{"href":"https:\/\/encuentroinformativo.com.mx\/index.php?rest_route=\/wp\/v2\/types\/post"}],"author":[{"embeddable":true,"href":"https:\/\/encuentroinformativo.com.mx\/index.php?rest_route=\/wp\/v2\/users\/2476"}],"replies":[{"embeddable":true,"href":"https:\/\/encuentroinformativo.com.mx\/index.php?rest_route=%2Fwp%2Fv2%2Fcomments&post=61570"}],"version-history":[{"count":1,"href":"https:\/\/encuentroinformativo.com.mx\/index.php?rest_route=\/wp\/v2\/posts\/61570\/revisions"}],"predecessor-version":[{"id":61572,"href":"https:\/\/encuentroinformativo.com.mx\/index.php?rest_route=\/wp\/v2\/posts\/61570\/revisions\/61572"}],"wp:featuredmedia":[{"embeddable":true,"href":"https:\/\/encuentroinformativo.com.mx\/index.php?rest_route=\/wp\/v2\/media\/61571"}],"wp:attachment":[{"href":"https:\/\/encuentroinformativo.com.mx\/index.php?rest_route=%2Fwp%2Fv2%2Fmedia&parent=61570"}],"wp:term":[{"taxonomy":"category","embeddable":true,"href":"https:\/\/encuentroinformativo.com.mx\/index.php?rest_route=%2Fwp%2Fv2%2Fcategories&post=61570"},{"taxonomy":"post_tag","embeddable":true,"href":"https:\/\/encuentroinformativo.com.mx\/index.php?rest_route=%2Fwp%2Fv2%2Ftags&post=61570"}],"curies":[{"name":"wp","href":"https:\/\/api.w.org\/{rel}","templated":true}]}}