{"id":61585,"date":"2024-12-05T09:39:29","date_gmt":"2024-12-05T15:39:29","guid":{"rendered":"https:\/\/encuentroinformativo.com.mx\/?p=61585"},"modified":"2024-12-05T09:39:34","modified_gmt":"2024-12-05T15:39:34","slug":"antes-de-navidad-se-aprobara-presupuesto-2025-de-veracruz","status":"publish","type":"post","link":"https:\/\/encuentroinformativo.com.mx\/?p=61585","title":{"rendered":"Antes de Navidad se aprobar\u00e1 presupuesto 2025 de Veracruz"},"content":{"rendered":"\n<p><strong>Alejandro \u00c1vila<\/strong><\/p>\n\n\n\n<p>Veracruz, Ver.- Antes de la Navidad se tiene previsto discutir y aprobar el presupuesto del Gobierno de Veracruz para el 2025, mencion\u00f3 el diputado local del PAN, Fernando Yunes M\u00e1rquez.<\/p>\n\n\n\n<p>En estos momentos, los diputados de la LXVII legislatura se encuentran analizando el presupuesto de 2025 dijo Yunes Marquez, y agreg\u00f3 que probablemente la nueva administraci\u00f3n que encabeza Roc\u00edo Nahle quiera realizar algunas modificaciones.<\/p>\n\n\n\n<p>&#8220;Se va a votar aproximadamente el d\u00eda 20 o 21 de este mes, todav\u00eda puede haber modificaciones, yo creo que incluso la propia administraci\u00f3n actual seguramente propondr\u00e1 algunas modificaciones, hay que recordar que lo deja la administraci\u00f3n saliente y a pesar de que seguramente tienen una buena comunicaci\u00f3n seguramente quieran hacer algunas modificaciones, lo estamos analizando, y como te comenta el acuerdo hoy es que el d\u00eda 20 o 21 probablemente se pueda discutir y votar en el Congreso&#8221;, subray\u00f3.<\/p>\n\n\n\n<p>Fernando Yunes, ex alcalde de Veracruz hizo un llamado a la gobernadora, Roc\u00edo Nahle y a todo su gabinete para que pongan especial atenci\u00f3n a la zona coburbada de Veracruz &#8211; Boca del R\u00edo, ya que su antecesor poco y nada apoy\u00f3 a los ciudadanos de estos municipios.<\/p>\n\n\n\n<p>&#8220;Hay que darle confianza para que puedan hacer buen trabajo obviamente, y lo que yo le pedir\u00eda es que le ponga especial atenci\u00f3n a la zona conurbada, a Veracruz a Boca del R\u00edo que obviamente durante los seis a\u00f1os del ex gobernador adolecieron del apoyo que se necesita para la zona m\u00e1s importante del Estado&#8221;, culmin\u00f3.<\/p>\n","protected":false},"excerpt":{"rendered":"<p>Alejandro \u00c1vila Veracruz, Ver.- Antes de la Navidad se tiene previsto discutir y aprobar el presupuesto del Gobierno de Veracruz para el 2025, mencion\u00f3 el diputado local del PAN, Fernando Yunes M\u00e1rquez. En estos momentos, los diputados de la LXVII legislatura se encuentran analizando el presupuesto de 2025 dijo Yunes Marquez, y agreg\u00f3 que probablemente [&hellip;]<\/p>\n","protected":false},"author":2476,"featured_media":61586,"comment_status":"open","ping_status":"open","sticky":false,"template":"","format":"standard","meta":{"_jetpack_memberships_contains_paid_content":false,"footnotes":""},"categories":[2],"tags":[],"class_list":["post-61585","post","type-post","status-publish","format-standard","has-post-thumbnail","hentry","category-estado"],"jetpack_featured_media_url":"https:\/\/encuentroinformativo.com.mx\/wp-content\/uploads\/2024\/12\/IMG-20241205-WA00032.jpg","jetpack_sharing_enabled":true,"jetpack_likes_enabled":true,"amp_enabled":true,"_links":{"self":[{"href":"https:\/\/encuentroinformativo.com.mx\/index.php?rest_route=\/wp\/v2\/posts\/61585","targetHints":{"allow":["GET"]}}],"collection":[{"href":"https:\/\/encuentroinformativo.com.mx\/index.php?rest_route=\/wp\/v2\/posts"}],"about":[{"href":"https:\/\/encuentroinformativo.com.mx\/index.php?rest_route=\/wp\/v2\/types\/post"}],"author":[{"embeddable":true,"href":"https:\/\/encuentroinformativo.com.mx\/index.php?rest_route=\/wp\/v2\/users\/2476"}],"replies":[{"embeddable":true,"href":"https:\/\/encuentroinformativo.com.mx\/index.php?rest_route=%2Fwp%2Fv2%2Fcomments&post=61585"}],"version-history":[{"count":1,"href":"https:\/\/encuentroinformativo.com.mx\/index.php?rest_route=\/wp\/v2\/posts\/61585\/revisions"}],"predecessor-version":[{"id":61587,"href":"https:\/\/encuentroinformativo.com.mx\/index.php?rest_route=\/wp\/v2\/posts\/61585\/revisions\/61587"}],"wp:featuredmedia":[{"embeddable":true,"href":"https:\/\/encuentroinformativo.com.mx\/index.php?rest_route=\/wp\/v2\/media\/61586"}],"wp:attachment":[{"href":"https:\/\/encuentroinformativo.com.mx\/index.php?rest_route=%2Fwp%2Fv2%2Fmedia&parent=61585"}],"wp:term":[{"taxonomy":"category","embeddable":true,"href":"https:\/\/encuentroinformativo.com.mx\/index.php?rest_route=%2Fwp%2Fv2%2Fcategories&post=61585"},{"taxonomy":"post_tag","embeddable":true,"href":"https:\/\/encuentroinformativo.com.mx\/index.php?rest_route=%2Fwp%2Fv2%2Ftags&post=61585"}],"curies":[{"name":"wp","href":"https:\/\/api.w.org\/{rel}","templated":true}]}}