{"id":61588,"date":"2024-12-05T09:43:57","date_gmt":"2024-12-05T15:43:57","guid":{"rendered":"https:\/\/encuentroinformativo.com.mx\/?p=61588"},"modified":"2024-12-05T09:44:04","modified_gmt":"2024-12-05T15:44:04","slug":"no-habra-caceria-de-brujas-en-bienestar-gomez-cazarin","status":"publish","type":"post","link":"https:\/\/encuentroinformativo.com.mx\/?p=61588","title":{"rendered":"No habr\u00e1 &#8220;cacer\u00eda de brujas&#8221; en Bienestar: G\u00f3mez Cazar\u00edn"},"content":{"rendered":"\n<p><strong>Alejandro \u00c1vila<\/strong><\/p>\n\n\n\n<p>Boca del R\u00edo, Ver.- Juan Javier G\u00f3mez Cazar\u00edn asegur\u00f3 que no le har\u00e1 &#8220;cacer\u00eda de brujas&#8221; a su antecesor, Manuel Huerta Ladr\u00f3n de Guevara, en la delegaci\u00f3n de Bienestar de Veracruz.<\/p>\n\n\n\n<p>El exdiputado local mencion\u00f3 que nunca ha tenido fricciones con ning\u00fan compa\u00f1ero de partido, y si cuando fue presidente de la JUCOPO no atac\u00f3 a los panistas, menos lo har\u00e1 ahora en su nuevo encargo.<\/p>\n\n\n\n<p>&#8220;No, yo nunca he tenido afecciones con ning\u00fan compa\u00f1ero, respeto al trabajo de cada uno, yo lo \u00fanico que s\u00e9 hacer en mi vida es trabajar (\u2026) voy a salir a caminar, ni cuando le recib\u00ed el Congreso a los panistas hice cacer\u00eda de brujas y no lo pienso hacer ahorita. Voy a hacer la auditor\u00eda pertinente, claro, tengo que ver qu\u00e9 recibo&#8221;, expres\u00f3.<\/p>\n\n\n\n<p>G\u00f3mez Casar\u00edn dijo que todos los Siervos de la Naci\u00f3n que s\u00ed est\u00e9n trabajando continuar\u00e1n realizando su labor, pues su prioridad ser\u00e1 caminar todo el Estado y se\u00f1al\u00f3 qu\u00e9 diferencia de la administraci\u00f3n anterior, realizar\u00e1n un trabajo coordinado con el Gobierno de Veracruz que ahora encabeza, Roc\u00edo Nahle Garc\u00eda.<\/p>\n","protected":false},"excerpt":{"rendered":"<p>Alejandro \u00c1vila Boca del R\u00edo, Ver.- Juan Javier G\u00f3mez Cazar\u00edn asegur\u00f3 que no le har\u00e1 &#8220;cacer\u00eda de brujas&#8221; a su antecesor, Manuel Huerta Ladr\u00f3n de Guevara, en la delegaci\u00f3n de Bienestar de Veracruz. El exdiputado local mencion\u00f3 que nunca ha tenido fricciones con ning\u00fan compa\u00f1ero de partido, y si cuando fue presidente de la JUCOPO [&hellip;]<\/p>\n","protected":false},"author":2476,"featured_media":61589,"comment_status":"open","ping_status":"open","sticky":false,"template":"","format":"standard","meta":{"_jetpack_memberships_contains_paid_content":false,"footnotes":""},"categories":[2],"tags":[],"class_list":["post-61588","post","type-post","status-publish","format-standard","has-post-thumbnail","hentry","category-estado"],"jetpack_featured_media_url":"https:\/\/encuentroinformativo.com.mx\/wp-content\/uploads\/2024\/12\/IMG-20241205-WA00052.jpg","jetpack_sharing_enabled":true,"jetpack_likes_enabled":true,"amp_enabled":true,"_links":{"self":[{"href":"https:\/\/encuentroinformativo.com.mx\/index.php?rest_route=\/wp\/v2\/posts\/61588","targetHints":{"allow":["GET"]}}],"collection":[{"href":"https:\/\/encuentroinformativo.com.mx\/index.php?rest_route=\/wp\/v2\/posts"}],"about":[{"href":"https:\/\/encuentroinformativo.com.mx\/index.php?rest_route=\/wp\/v2\/types\/post"}],"author":[{"embeddable":true,"href":"https:\/\/encuentroinformativo.com.mx\/index.php?rest_route=\/wp\/v2\/users\/2476"}],"replies":[{"embeddable":true,"href":"https:\/\/encuentroinformativo.com.mx\/index.php?rest_route=%2Fwp%2Fv2%2Fcomments&post=61588"}],"version-history":[{"count":1,"href":"https:\/\/encuentroinformativo.com.mx\/index.php?rest_route=\/wp\/v2\/posts\/61588\/revisions"}],"predecessor-version":[{"id":61590,"href":"https:\/\/encuentroinformativo.com.mx\/index.php?rest_route=\/wp\/v2\/posts\/61588\/revisions\/61590"}],"wp:featuredmedia":[{"embeddable":true,"href":"https:\/\/encuentroinformativo.com.mx\/index.php?rest_route=\/wp\/v2\/media\/61589"}],"wp:attachment":[{"href":"https:\/\/encuentroinformativo.com.mx\/index.php?rest_route=%2Fwp%2Fv2%2Fmedia&parent=61588"}],"wp:term":[{"taxonomy":"category","embeddable":true,"href":"https:\/\/encuentroinformativo.com.mx\/index.php?rest_route=%2Fwp%2Fv2%2Fcategories&post=61588"},{"taxonomy":"post_tag","embeddable":true,"href":"https:\/\/encuentroinformativo.com.mx\/index.php?rest_route=%2Fwp%2Fv2%2Ftags&post=61588"}],"curies":[{"name":"wp","href":"https:\/\/api.w.org\/{rel}","templated":true}]}}