{"id":61598,"date":"2024-12-05T12:10:03","date_gmt":"2024-12-05T18:10:03","guid":{"rendered":"https:\/\/encuentroinformativo.com.mx\/?p=61598"},"modified":"2024-12-05T12:10:09","modified_gmt":"2024-12-05T18:10:09","slug":"sin-bloqueos-se-manifiestan-jubilados-agradecen-dialogo","status":"publish","type":"post","link":"https:\/\/encuentroinformativo.com.mx\/?p=61598","title":{"rendered":"Sin bloqueos; se manifiestan jubilados, agradecen di\u00e1logo"},"content":{"rendered":"\n<p><strong>Dar\u00edo Pale <\/strong><\/p>\n\n\n\n<p>Xalapa, Ver.- La Agrupaci\u00f3n Estatal de Jubilados y Pensionados del ISSSTE en el estado de Veracruz (AJUPIV) ya no bloquear\u00e1 la calle Enr\u00edquez, esto gracias a la apertura del di\u00e1logo con la nueva administraci\u00f3n gracias al nuevo secretario de gobierno Ricardo Ahued Bardahuil.<\/p>\n\n\n\n<p>En su mensaje en la Plaza Lerdo Calixto Azuara Mendibil socio fundador de la AJUPIV, anunci\u00f3\u00a0 que ya no bloquear\u00e1n la calle Enr\u00edquez en Xalapa, ante la apertura al di\u00e1logo por parte de la nueva administraci\u00f3n estatal y la atenci\u00f3n del secretario de Gobierno, Ricardo Ahued Bardahuil.\u00a0<\/p>\n\n\n\n<p>Este jueves, al mediod\u00eda, el funcionario encargado de la pol\u00edtica interna los atender\u00e1 para escuchar sus demandas.\u00a0<\/p>\n\n\n\n<p>&#8220;En consideraci\u00f3n a la generosa oferta de Ricardo Ahued, decidimos ya no causar m\u00e1s molestias con el tr\u00e1nsito vehicular&#8221;, se\u00f1al\u00f3.<\/p>\n\n\n\n<p>Las dos principales demandas son, primero, que se contrate una aseguradora de manera inmediata y, segundo, que se paguen todas las deudas pendientes a las jubiladas y jubilados.\u00a0<\/p>\n\n\n\n<p>Los jubilados que cada jueves bloqueaban la calle Enr\u00edquez por un par de horas, recordaron que la deuda es una asignatura pendiente desde el sexenio de Javier Duarte de Ochoa, periodo del a\u00f1o 2010 al 2016 en el que &#8220;decidi\u00f3 cancelar la vigencia del seguro de vida para los trabajadores de la SEV&#8221;.<\/p>\n\n\n\n<p>Se trata del primer plant\u00f3n en el gobierno de Roc\u00edo Nahle Garc\u00eda, por lo que dijeron estar esperanzados que la mandataria s\u00ed les resuelva y que se contrate una aseguradora y que se paguen las deudas a los jubilados.\u00a0<\/p>\n\n\n\n<p>Se\u00f1alaron que es un reto para la gobernadora, no obstante dijeron confiar en ella, cabe destacar que se trata de una deuda que data del gobierno de Javier &#8220;N&#8221; pero se ha extendido hasta esta administraci\u00f3n pues no se ha contratado a una aseguradora.\u00a0<\/p>\n\n\n\n<p>Aunado a que los familiares de los compa\u00f1eros que han fallecido no han podido cobrar los seguros de vida, por lo que aseguraron que buscar\u00e1n ser escuchados por la actual gobernadora.<\/p>\n\n\n\n<p>Asimismo, precisaron que debido a tal medida, a los familiares de jubilados fallecidos &#8220;jam\u00e1s les pag\u00f3 la indemnizaci\u00f3n consistente en dieciocho veces el monto de la \u00faltima pensi\u00f3n&#8221;.<\/p>\n\n\n\n<p>Finalmente, acotaron que estar\u00e1n de diez a doce del d\u00eda, pero sobre la plaza Lerdo, sin afectar el tr\u00e1fico vehicular.<\/p>\n\n\n\n<figure class=\"wp-block-image size-large\"><img loading=\"lazy\" decoding=\"async\" width=\"1024\" height=\"768\" src=\"https:\/\/encuentroinformativo.com.mx\/wp-content\/uploads\/2024\/12\/1000436706-1024x768.jpg\" alt=\"\" class=\"wp-image-61600\" srcset=\"https:\/\/encuentroinformativo.com.mx\/wp-content\/uploads\/2024\/12\/1000436706-1024x768.jpg 1024w, https:\/\/encuentroinformativo.com.mx\/wp-content\/uploads\/2024\/12\/1000436706-300x225.jpg 300w, https:\/\/encuentroinformativo.com.mx\/wp-content\/uploads\/2024\/12\/1000436706-768x576.jpg 768w, https:\/\/encuentroinformativo.com.mx\/wp-content\/uploads\/2024\/12\/1000436706.jpg 1280w\" sizes=\"auto, (max-width: 1024px) 100vw, 1024px\" \/><\/figure>\n","protected":false},"excerpt":{"rendered":"<p>Dar\u00edo Pale Xalapa, Ver.- La Agrupaci\u00f3n Estatal de Jubilados y Pensionados del ISSSTE en el estado de Veracruz (AJUPIV) ya no bloquear\u00e1 la calle Enr\u00edquez, esto gracias a la apertura del di\u00e1logo con la nueva administraci\u00f3n gracias al nuevo secretario de gobierno Ricardo Ahued Bardahuil. En su mensaje en la Plaza Lerdo Calixto Azuara Mendibil [&hellip;]<\/p>\n","protected":false},"author":2476,"featured_media":61599,"comment_status":"open","ping_status":"open","sticky":false,"template":"","format":"standard","meta":{"_jetpack_memberships_contains_paid_content":false,"footnotes":""},"categories":[3],"tags":[],"class_list":["post-61598","post","type-post","status-publish","format-standard","has-post-thumbnail","hentry","category-xalapa"],"jetpack_featured_media_url":"https:\/\/encuentroinformativo.com.mx\/wp-content\/uploads\/2024\/12\/IMG-20241205-WA0036.jpg","jetpack_sharing_enabled":true,"jetpack_likes_enabled":true,"amp_enabled":true,"_links":{"self":[{"href":"https:\/\/encuentroinformativo.com.mx\/index.php?rest_route=\/wp\/v2\/posts\/61598","targetHints":{"allow":["GET"]}}],"collection":[{"href":"https:\/\/encuentroinformativo.com.mx\/index.php?rest_route=\/wp\/v2\/posts"}],"about":[{"href":"https:\/\/encuentroinformativo.com.mx\/index.php?rest_route=\/wp\/v2\/types\/post"}],"author":[{"embeddable":true,"href":"https:\/\/encuentroinformativo.com.mx\/index.php?rest_route=\/wp\/v2\/users\/2476"}],"replies":[{"embeddable":true,"href":"https:\/\/encuentroinformativo.com.mx\/index.php?rest_route=%2Fwp%2Fv2%2Fcomments&post=61598"}],"version-history":[{"count":1,"href":"https:\/\/encuentroinformativo.com.mx\/index.php?rest_route=\/wp\/v2\/posts\/61598\/revisions"}],"predecessor-version":[{"id":61601,"href":"https:\/\/encuentroinformativo.com.mx\/index.php?rest_route=\/wp\/v2\/posts\/61598\/revisions\/61601"}],"wp:featuredmedia":[{"embeddable":true,"href":"https:\/\/encuentroinformativo.com.mx\/index.php?rest_route=\/wp\/v2\/media\/61599"}],"wp:attachment":[{"href":"https:\/\/encuentroinformativo.com.mx\/index.php?rest_route=%2Fwp%2Fv2%2Fmedia&parent=61598"}],"wp:term":[{"taxonomy":"category","embeddable":true,"href":"https:\/\/encuentroinformativo.com.mx\/index.php?rest_route=%2Fwp%2Fv2%2Fcategories&post=61598"},{"taxonomy":"post_tag","embeddable":true,"href":"https:\/\/encuentroinformativo.com.mx\/index.php?rest_route=%2Fwp%2Fv2%2Ftags&post=61598"}],"curies":[{"name":"wp","href":"https:\/\/api.w.org\/{rel}","templated":true}]}}