{"id":61608,"date":"2024-12-05T15:21:02","date_gmt":"2024-12-05T21:21:02","guid":{"rendered":"https:\/\/encuentroinformativo.com.mx\/?p=61608"},"modified":"2024-12-05T15:21:07","modified_gmt":"2024-12-05T21:21:07","slug":"capacitaran-a-veracruzanos-para-ofertar-sus-servicios-en-corredor-interoceanico","status":"publish","type":"post","link":"https:\/\/encuentroinformativo.com.mx\/?p=61608","title":{"rendered":"Capacitar\u00e1n a veracruzanos para ofertar sus servicios en Corredor Interoce\u00e1nico"},"content":{"rendered":"\n<p><strong>Dar\u00edo Pale <\/strong><\/p>\n\n\n\n<p>Xalapa, Ver.- Los veracruzanos podr\u00e1n ofrecer su fuerza laboral en Corredor Interoce\u00e1nico, por lo que el Instituto de Capacitaci\u00f3n para el Trabajo de Veracruz (ICATVER), buscar\u00e1 brindarles toda la capacitaci\u00f3n, as\u00ed lo dio a conocer la directora del Instituto, Adriana Esther Mart\u00ednez S\u00e1nchez.<\/p>\n\n\n\n<p>En entrevista se\u00f1al\u00f3 que buscar\u00e1n que los veracruzanos sean una de las fuerzas laborales para el Corredor Interoce\u00e1nico, resalt\u00f3 que buscan brindar capacitaci\u00f3n para que puedan encontrar una mejor fuente de ingresos.<\/p>\n\n\n\n<p>Resalt\u00f3 que la gobernadora Roc\u00edo Nahle tiene mucho inter\u00e9s en la capacitaci\u00f3n para los trabajadores que puedan ofrecer su fuerza laboral en aquella zona.<\/p>\n\n\n\n<p>Para lo cual abrir\u00e1n m\u00e1s cursos de capacitaci\u00f3n, no s\u00f3lo los b\u00e1sicos con que ya cuentan en el ICATVER como ingl\u00e9s, costura, carpinter\u00eda, entre otros.<\/p>\n\n\n\n<p>Coment\u00f3 que estar\u00e1n trabajando en coordinaci\u00f3n con la Secretar\u00eda del Trabajo, Previsi\u00f3n Social y Productividad, con el Centro de Conciliaci\u00f3n Laboral y el Servicio Nacional de Empleo.<\/p>\n\n\n\n<p>Por \u00faltimo se\u00f1al\u00f3, &#8220;vamos a ser un s\u00f3lo equipo para ir a ofertar, a promocionar y decirle a la poblaci\u00f3n que tienen opciones para la capacitaci\u00f3n, defensor\u00eda jur\u00eddica, as\u00ed como encontrar empleo&#8221;.<\/p>\n","protected":false},"excerpt":{"rendered":"<p>Dar\u00edo Pale Xalapa, Ver.- Los veracruzanos podr\u00e1n ofrecer su fuerza laboral en Corredor Interoce\u00e1nico, por lo que el Instituto de Capacitaci\u00f3n para el Trabajo de Veracruz (ICATVER), buscar\u00e1 brindarles toda la capacitaci\u00f3n, as\u00ed lo dio a conocer la directora del Instituto, Adriana Esther Mart\u00ednez S\u00e1nchez. En entrevista se\u00f1al\u00f3 que buscar\u00e1n que los veracruzanos sean una [&hellip;]<\/p>\n","protected":false},"author":2476,"featured_media":61609,"comment_status":"open","ping_status":"open","sticky":false,"template":"","format":"standard","meta":{"_jetpack_memberships_contains_paid_content":false,"footnotes":""},"categories":[2],"tags":[],"class_list":["post-61608","post","type-post","status-publish","format-standard","has-post-thumbnail","hentry","category-estado"],"jetpack_featured_media_url":"https:\/\/encuentroinformativo.com.mx\/wp-content\/uploads\/2024\/12\/IMG-20241205-WA00832.jpg","jetpack_sharing_enabled":true,"jetpack_likes_enabled":true,"amp_enabled":true,"_links":{"self":[{"href":"https:\/\/encuentroinformativo.com.mx\/index.php?rest_route=\/wp\/v2\/posts\/61608","targetHints":{"allow":["GET"]}}],"collection":[{"href":"https:\/\/encuentroinformativo.com.mx\/index.php?rest_route=\/wp\/v2\/posts"}],"about":[{"href":"https:\/\/encuentroinformativo.com.mx\/index.php?rest_route=\/wp\/v2\/types\/post"}],"author":[{"embeddable":true,"href":"https:\/\/encuentroinformativo.com.mx\/index.php?rest_route=\/wp\/v2\/users\/2476"}],"replies":[{"embeddable":true,"href":"https:\/\/encuentroinformativo.com.mx\/index.php?rest_route=%2Fwp%2Fv2%2Fcomments&post=61608"}],"version-history":[{"count":1,"href":"https:\/\/encuentroinformativo.com.mx\/index.php?rest_route=\/wp\/v2\/posts\/61608\/revisions"}],"predecessor-version":[{"id":61610,"href":"https:\/\/encuentroinformativo.com.mx\/index.php?rest_route=\/wp\/v2\/posts\/61608\/revisions\/61610"}],"wp:featuredmedia":[{"embeddable":true,"href":"https:\/\/encuentroinformativo.com.mx\/index.php?rest_route=\/wp\/v2\/media\/61609"}],"wp:attachment":[{"href":"https:\/\/encuentroinformativo.com.mx\/index.php?rest_route=%2Fwp%2Fv2%2Fmedia&parent=61608"}],"wp:term":[{"taxonomy":"category","embeddable":true,"href":"https:\/\/encuentroinformativo.com.mx\/index.php?rest_route=%2Fwp%2Fv2%2Fcategories&post=61608"},{"taxonomy":"post_tag","embeddable":true,"href":"https:\/\/encuentroinformativo.com.mx\/index.php?rest_route=%2Fwp%2Fv2%2Ftags&post=61608"}],"curies":[{"name":"wp","href":"https:\/\/api.w.org\/{rel}","templated":true}]}}