{"id":61617,"date":"2024-12-06T09:46:02","date_gmt":"2024-12-06T15:46:02","guid":{"rendered":"https:\/\/encuentroinformativo.com.mx\/?p=61617"},"modified":"2024-12-06T09:46:08","modified_gmt":"2024-12-06T15:46:08","slug":"diputado-por-encuesta","status":"publish","type":"post","link":"https:\/\/encuentroinformativo.com.mx\/?p=61617","title":{"rendered":"DIPUTADO POR ENCUESTA"},"content":{"rendered":"\n<p><strong>Los Pol\u00edticos<\/strong><\/p>\n\n\n\n<p><strong>Salvador Mu\u00f1oz<\/strong><\/p>\n\n\n\n<p>Ahora que est\u00e1 de moda que si las encuestas, que si las \u201cdesignaciones\u201d o los consensos para la selecci\u00f3n de candidatos morenos para las elecciones de este 2025, hay un caso muy particular aparte de los muy resobados Xalapa, Veracruz y Boca del R\u00edo\u2026 \u00a1Acula!<\/p>\n\n\n\n<p>S\u00ed, en este municipio enclavado en la Cuenca del Papaloapan se puede dar un caso interesante en la selecci\u00f3n de la o el candidato, por esta raz\u00f3n:<\/p>\n\n\n\n<p>El diputado por este distrito al que corresponde Acula, es el secretario de la Mesa Directiva, Felipe Pineda Barradas\u2026 a ello se le agrega que su esposa Roc\u00edo Cruz Dom\u00ednguez es la actual presidenta municipal de Acula\u2026<\/p>\n\n\n\n<p>Con esta pinza, por un lado el diputado del distrito y por otro, la cabecera municipal, la l\u00f3gica inclina la balanza a que sea Felipe o Ch\u00edo (o ambos), los que encaucen al sucesor municipal\u2026 salvo por un ligero detalle, un insignificante detalle\u2026<\/p>\n\n\n\n<p>Cuando Roc\u00edo Nahle hizo las giras de Agradecimiento, all\u00e1 por septiembre, una de \u00e9stas la celebr\u00f3 en Alvarado.<\/p>\n\n\n\n<p>Entre los discursos que extendi\u00f3 en esa ocasi\u00f3n a los presentes, hizo alusi\u00f3n a los candidatos triunfadores, en la selecci\u00f3n de \u201clo mejor de lo mejor, Se\u00f1or!\u201d, y al voltear, se encontr\u00f3 a la figura de Felipe Pineda, quien en su distrito, le dio una tremenda revolcada al candidato de la Oposici\u00f3n, y palabras m\u00e1s, palabras menos, la hoy GoberNahle dijo:<\/p>\n\n\n\n<p>\u201dAqu\u00ed est\u00e1 Felipe\u2026 quien no me conoc\u00eda ni yo lo conoc\u00eda\u2026 \u00e9l sali\u00f3 por encuesta\u2026 y miren! Seleccionamos al mejor candidato del distrito\u2026 \u00a1un Diputado de Encuesta! As\u00ed que no se hagan Bolas (\u00bfo Bola, dijo\u2026?)\u201d<\/p>\n\n\n\n<p>(S\u00f3lo como un dato excepcional: Felipe Pineda Barradas es el primer diputado del distrito salido de Acula. Antes de \u00e9l, las curules iban a parar a vecinos de Tierra Blanca o Cosamaloapan, lo que hace que el triunfo de Felipe tenga un valor adicional)<\/p>\n\n\n\n<p>A qu\u00e9 vamos con esto:<\/p>\n\n\n\n<p>De un modo u otro, el hecho de que Felipe Pineda, en ese septiembre pasado, haya sido puesto como ejemplo, y por representar en el distrito un liderazgo, \u00bflo conminar\u00e1 a que si \u00e9l es resultado de una Encuesta, se incline por el mismo m\u00e9todo para que el sucesor o la sucesora de Ch\u00edo salga por encuesta?<\/p>\n\n\n\n<p>Misma interrogante ha de aplicarse a la se\u00f1ora Ch\u00edo\u2026 la esposa, no la GoberNahle.<\/p>\n\n\n\n<p>Habr\u00e1 que preguntarle al diputado por el distrito de Cosamaloapan dos cosas:<\/p>\n\n\n\n<p>1.- Ser\u00e1 parte de esos diputados que tienen un pie para brincar a la candidatura en estas pr\u00f3ximas elecciones\u2026<\/p>\n\n\n\n<p>2.- O como l\u00edder distrital qu\u00e9 opci\u00f3n le dar\u00eda a la tierra que lo adopt\u00f3 hace m\u00e1s de 20 a\u00f1os: Consenso, \u201cDedignaci\u00f3n\u201d o Encuesta\u2026<\/p>\n\n\n\n<p>Digo, si ya se tuvo un Diputado por Encuesta este 2024, habr\u00e1 que ver si Morena le sigue pegando ahora en Acula con una presidenta o presidente por Encuesta\u2026<\/p>\n","protected":false},"excerpt":{"rendered":"<p>Los Pol\u00edticos Salvador Mu\u00f1oz Ahora que est\u00e1 de moda que si las encuestas, que si las \u201cdesignaciones\u201d o los consensos para la selecci\u00f3n de candidatos morenos para las elecciones de este 2025, hay un caso muy particular aparte de los muy resobados Xalapa, Veracruz y Boca del R\u00edo\u2026 \u00a1Acula! S\u00ed, en este municipio enclavado en [&hellip;]<\/p>\n","protected":false},"author":2476,"featured_media":387,"comment_status":"open","ping_status":"open","sticky":false,"template":"","format":"standard","meta":{"_jetpack_memberships_contains_paid_content":false,"footnotes":""},"categories":[11],"tags":[],"class_list":["post-61617","post","type-post","status-publish","format-standard","has-post-thumbnail","hentry","category-opinion"],"jetpack_featured_media_url":"https:\/\/encuentroinformativo.com.mx\/wp-content\/uploads\/2020\/03\/7CF8A22B-2764-47BE-8F7F-38FE9E5D6A2F.jpeg","jetpack_sharing_enabled":true,"jetpack_likes_enabled":true,"amp_enabled":true,"_links":{"self":[{"href":"https:\/\/encuentroinformativo.com.mx\/index.php?rest_route=\/wp\/v2\/posts\/61617","targetHints":{"allow":["GET"]}}],"collection":[{"href":"https:\/\/encuentroinformativo.com.mx\/index.php?rest_route=\/wp\/v2\/posts"}],"about":[{"href":"https:\/\/encuentroinformativo.com.mx\/index.php?rest_route=\/wp\/v2\/types\/post"}],"author":[{"embeddable":true,"href":"https:\/\/encuentroinformativo.com.mx\/index.php?rest_route=\/wp\/v2\/users\/2476"}],"replies":[{"embeddable":true,"href":"https:\/\/encuentroinformativo.com.mx\/index.php?rest_route=%2Fwp%2Fv2%2Fcomments&post=61617"}],"version-history":[{"count":1,"href":"https:\/\/encuentroinformativo.com.mx\/index.php?rest_route=\/wp\/v2\/posts\/61617\/revisions"}],"predecessor-version":[{"id":61618,"href":"https:\/\/encuentroinformativo.com.mx\/index.php?rest_route=\/wp\/v2\/posts\/61617\/revisions\/61618"}],"wp:featuredmedia":[{"embeddable":true,"href":"https:\/\/encuentroinformativo.com.mx\/index.php?rest_route=\/wp\/v2\/media\/387"}],"wp:attachment":[{"href":"https:\/\/encuentroinformativo.com.mx\/index.php?rest_route=%2Fwp%2Fv2%2Fmedia&parent=61617"}],"wp:term":[{"taxonomy":"category","embeddable":true,"href":"https:\/\/encuentroinformativo.com.mx\/index.php?rest_route=%2Fwp%2Fv2%2Fcategories&post=61617"},{"taxonomy":"post_tag","embeddable":true,"href":"https:\/\/encuentroinformativo.com.mx\/index.php?rest_route=%2Fwp%2Fv2%2Ftags&post=61617"}],"curies":[{"name":"wp","href":"https:\/\/api.w.org\/{rel}","templated":true}]}}