{"id":61623,"date":"2024-12-06T10:08:35","date_gmt":"2024-12-06T16:08:35","guid":{"rendered":"https:\/\/encuentroinformativo.com.mx\/?p=61623"},"modified":"2024-12-06T10:08:39","modified_gmt":"2024-12-06T16:08:39","slug":"muestra-presidente-de-la-jucopo-balance-positivo-del-inicio-de-la-lxvii-legislatura","status":"publish","type":"post","link":"https:\/\/encuentroinformativo.com.mx\/?p=61623","title":{"rendered":"Muestra Presidente de la Jucopo balance positivo del inicio de la LXVII Legislatura"},"content":{"rendered":"\n<ul class=\"wp-block-list\"><li><strong>Da el diputado Esteban Bautista Hern\u00e1ndez detalles sobre el trabajo del Congreso, a un mes de iniciadas las labores<\/strong><\/li><\/ul>\n\n\n\n<p>Xalapa, Ver.-\u00a0A un mes de iniciada la LXVII Legislatura del Estado de Veracruz, el diputado Esteban Bautista Hern\u00e1ndez, destac\u00f3 un balance de trabajo sumamente positivo, toda vez que se han realizado ocho sesiones ordinarias y dos solemnes, adem\u00e1s del desahogo de las 16 comparecencias con motivo de la Glosa del VI Informe y, por \u00faltimo, con la presencia de la Presidenta de la Rep\u00fablica, doctora Claudia Sheinbaum Pardo, la protesta de la ingeniera Norma Roc\u00edo Nahle Garc\u00eda al cargo de Gobernadora del Estado de Veracruz de Ignacio de la Llave y la ratificaci\u00f3n del ciudadano Domingo Bahena Corbal\u00e1 en el cargo de secretario General del Congreso local.<\/p>\n\n\n\n<p>El presidente de la Junta de Coordinaci\u00f3n Pol\u00edtica (Jucopo) indic\u00f3 que la din\u00e1mica de la nueva legislatura es trabajar para abatir cualquier rezago y actualizar el marco legal de Veracruz. \u201cAhora con la gobernadora Roc\u00edo Nahle estableceremos v\u00ednculos de coordinaci\u00f3n y acompa\u00f1aremos su trabajo desde el Poder Legislativo para reforzar la seguridad, salud, educaci\u00f3n y otras materias, con la finalidad de llevar a Veracruz por la ruta del desarrollo y el progreso\u201d, asegur\u00f3.<\/p>\n\n\n\n<p>En relaci\u00f3n con la productividad de este Congreso, el diputado Esteban Bautista explic\u00f3 que en este periodo se dio tr\u00e1mite a 12 iniciativas; de las cuales cuatro son de autor\u00eda de Morena; dos del Partido Verde Ecologista de M\u00e9xico (PVEM), dos del Partido Acci\u00f3n Nacional (PAN), dos del Partido Revolucionario Institucional (PRI), una del Partido del Trabajo (PT) y una de Movimiento Ciudadano (MC).<\/p>\n\n\n\n<p>Al continuar con el recuento de actividades, destac\u00f3 la creaci\u00f3n de la Comisi\u00f3n Especial para el Otorgamiento de la Medalla y Diploma \u201cAdolfo Ruiz Cortines\u201d 2024, presidida por la diputada Bertha Rosal\u00eda Ahued Malpica, y el procedimiento para la elecci\u00f3n del contralor interno de la Fiscal\u00eda General del Estado (FGE), cargo en el que fue designada la ciudadana Lucero Alegr\u00eda Ju\u00e1rez.<\/p>\n\n\n\n<p>Sobre el ciclo de comparecencias con motivo de la Glosa del VI Informe de Gobierno, el diputado detall\u00f3 que se realizaron del 18 al 28 de noviembre y que acudieron ante las comisiones permanentes respectivas las y los titulares de las dependencias o equivalentes de la Administraci\u00f3n P\u00fablica Estatal para informar sobre las acciones realizadas y posteriormente responder las preguntas de las diputadas y los diputados.<\/p>\n\n\n\n<p>Inform\u00f3 que el total de las 16 comparecencias registr\u00f3 un tiempo de 51 horas con 16 minutos, con 154 intervenciones de legisladoras y legisladores, presentados de la siguiente manera: Morena, 39; PVEM, 32; PT, 23; PAN, 16; PRI, 24 y MC, 20.<\/p>\n\n\n\n<p>El periodo de comparecencias concluy\u00f3 el viernes 29 de noviembre con la presencia del titular del Ejecutivo, de acuerdo con lo que mandata la Constituci\u00f3n pol\u00edtica local.<\/p>\n\n\n\n<p>En este sentido, el diputado Esteban Bautista reconoci\u00f3 a las y los integrantes de las comisiones que condujeron los trabajos de las comparecencias, por su esp\u00edritu democr\u00e1tico y de rendici\u00f3n de cuentas. \u201cSabemos que la pol\u00edtica genera pasiones y en muchas ocasiones se parte de un pensamiento ideol\u00f3gico partidista; pero aqu\u00ed en el Congreso, adem\u00e1s de hacer las leyes, las respetamos y hacemos que se imponga la cordura y la madurez. Por eso reconozco el papel de mis compa\u00f1eras y compa\u00f1eros\u201d.<\/p>\n\n\n\n<p>El legislador habl\u00f3 sobre el voto a favor del Congreso de Veracruz a cuatro minutas de reformas constitucionales, enviadas por el Congreso de la Uni\u00f3n, y que tienen relaci\u00f3n con materias de seguridad p\u00fablica, protecci\u00f3n y cuidado animal, prisi\u00f3n preventiva oficiosa y simplificaci\u00f3n org\u00e1nica.<\/p>\n\n\n\n<p>Agreg\u00f3 que como parte de su funci\u00f3n de presidente de la Jucopo y con la convicci\u00f3n de abrir el di\u00e1logo a todas las voces e inquietudes ciudadanas, en este lapso ha recibido en audiencia a magistrados, presidentes municipales y l\u00edderes sindicales.<\/p>\n\n\n\n<p>Adem\u00e1s de ciudadanos y ciudadanos provenientes de los municipios de Tatahuicapan de Ju\u00e1rez, Xalapa, Catemaco, Tequila, Minatitl\u00e1n, Tlapacoyan, Cosoleacaque, Orizaba, Oteapan, Ixmatlahuacan, Emiliano Zapata, Boca del R\u00edo, Oluta, J\u00e1ltipan, San Andr\u00e9s Tuxtla, Xico, Chinameca, Sayula de Alem\u00e1n, Soledad Atzompa, Papantla, Acayucan y P\u00e1nuco, as\u00ed como de la Ciudad de M\u00e9xico (CDMX).<\/p>\n\n\n\n<p>Los temas abordados, indic\u00f3, est\u00e1n relacionados con atenci\u00f3n a los sectores de discapacidad e ind\u00edgena, \u201cmedios de comunicaci\u00f3n, m\u00fasicos e inclusive una reuni\u00f3n con directivos del Centro Estatal de Justicia Administrativa de Veracruz\u201d.<\/p>\n\n\n\n<p>Por \u00faltimo, el diputado Esteban Bautista consider\u00f3 que la LXVII Legislatura ser\u00e1 productiva y que con sus acciones fortalecer\u00e1 el marco jur\u00eddico estatal y servir\u00e1 para abonar a la gobernanza y el desarrollo econ\u00f3mico y social de la entidad.<\/p>\n","protected":false},"excerpt":{"rendered":"<p>Da el diputado Esteban Bautista Hern\u00e1ndez detalles sobre el trabajo del Congreso, a un mes de iniciadas las labores Xalapa, Ver.-\u00a0A un mes de iniciada la LXVII Legislatura del Estado de Veracruz, el diputado Esteban Bautista Hern\u00e1ndez, destac\u00f3 un balance de trabajo sumamente positivo, toda vez que se han realizado ocho sesiones ordinarias y dos [&hellip;]<\/p>\n","protected":false},"author":2476,"featured_media":61624,"comment_status":"open","ping_status":"open","sticky":false,"template":"","format":"standard","meta":{"_jetpack_memberships_contains_paid_content":false,"footnotes":""},"categories":[2],"tags":[],"class_list":["post-61623","post","type-post","status-publish","format-standard","has-post-thumbnail","hentry","category-estado"],"jetpack_featured_media_url":"https:\/\/encuentroinformativo.com.mx\/wp-content\/uploads\/2024\/12\/NOV05DIC2024EBAUTISTA22.jpeg","jetpack_sharing_enabled":true,"jetpack_likes_enabled":true,"amp_enabled":true,"_links":{"self":[{"href":"https:\/\/encuentroinformativo.com.mx\/index.php?rest_route=\/wp\/v2\/posts\/61623","targetHints":{"allow":["GET"]}}],"collection":[{"href":"https:\/\/encuentroinformativo.com.mx\/index.php?rest_route=\/wp\/v2\/posts"}],"about":[{"href":"https:\/\/encuentroinformativo.com.mx\/index.php?rest_route=\/wp\/v2\/types\/post"}],"author":[{"embeddable":true,"href":"https:\/\/encuentroinformativo.com.mx\/index.php?rest_route=\/wp\/v2\/users\/2476"}],"replies":[{"embeddable":true,"href":"https:\/\/encuentroinformativo.com.mx\/index.php?rest_route=%2Fwp%2Fv2%2Fcomments&post=61623"}],"version-history":[{"count":1,"href":"https:\/\/encuentroinformativo.com.mx\/index.php?rest_route=\/wp\/v2\/posts\/61623\/revisions"}],"predecessor-version":[{"id":61625,"href":"https:\/\/encuentroinformativo.com.mx\/index.php?rest_route=\/wp\/v2\/posts\/61623\/revisions\/61625"}],"wp:featuredmedia":[{"embeddable":true,"href":"https:\/\/encuentroinformativo.com.mx\/index.php?rest_route=\/wp\/v2\/media\/61624"}],"wp:attachment":[{"href":"https:\/\/encuentroinformativo.com.mx\/index.php?rest_route=%2Fwp%2Fv2%2Fmedia&parent=61623"}],"wp:term":[{"taxonomy":"category","embeddable":true,"href":"https:\/\/encuentroinformativo.com.mx\/index.php?rest_route=%2Fwp%2Fv2%2Fcategories&post=61623"},{"taxonomy":"post_tag","embeddable":true,"href":"https:\/\/encuentroinformativo.com.mx\/index.php?rest_route=%2Fwp%2Fv2%2Ftags&post=61623"}],"curies":[{"name":"wp","href":"https:\/\/api.w.org\/{rel}","templated":true}]}}