{"id":61632,"date":"2024-12-06T11:57:41","date_gmt":"2024-12-06T17:57:41","guid":{"rendered":"https:\/\/encuentroinformativo.com.mx\/?p=61632"},"modified":"2024-12-06T11:57:49","modified_gmt":"2024-12-06T17:57:49","slug":"el-buki-regresa-a-veracruz-para-cantarle-a-las-madres-jarochas","status":"publish","type":"post","link":"https:\/\/encuentroinformativo.com.mx\/?p=61632","title":{"rendered":"&#8220;El Buki&#8221; regresa a Veracruz para cantarle a las Madres jarochas"},"content":{"rendered":"\n<p><strong>Alejandro \u00c1vila<\/strong><\/p>\n\n\n\n<p>Veracruz, Ver.- Despu\u00e9s de 15 a\u00f1os de ausencia, Marco Antonio Sol\u00eds, \u201cEl Buki\u201d, se presentar\u00e1 en Veracruz el pr\u00f3ximo 10 de mayo del 2025, una fecha especial para celebrar el D\u00eda de las Madres.<\/p>\n\n\n\n<p>Mitzy Cruz, promotora de M\u00fasic Vibe que destac\u00f3 la importancia del evento para los veracruzanos.<\/p>\n\n\n\n<p>\u201cQu\u00e9 mejor d\u00eda para celebrar con la mam\u00e1 que llevar a tu mam\u00e1 a ver a Marco Antonio. Es un evento que yo creo que va a ser muy familiar\u201d.<\/p>\n\n\n\n<p>La venta oficial de boletos comenzar\u00e1 el 10 de diciembre a las 11:00 de la ma\u00f1ana a trav\u00e9s de la plataforma fonticket.mx, por lo que se espera una gran demanda.<\/p>\n\n\n\n<p>Este concierto forma parte de una amplia cartelera de eventos que buscan consolidar a Veracruz como un destino clave para espect\u00e1culos de gran formato.<\/p>\n\n\n\n<p>\u201cEllos saben la importancia que este tipo de eventos traen de derrama econ\u00f3mica a Boca del R\u00edo. Afortunadamente no solamente es Boca del R\u00edo, es todo Veracruz. Much\u00edsimas personas se desplazan de todas partes para ver este tipo de conciertos\u201d, coment\u00f3.<\/p>\n\n\n\n<p>El anuncio llega d\u00edas despu\u00e9s del exitoso concierto de Luis Miguel, que atrajo a miles de personas y activ\u00f3 una cadena econ\u00f3mica que benefici\u00f3 a trabajadores y negocios locales.<\/p>\n","protected":false},"excerpt":{"rendered":"<p>Alejandro \u00c1vila Veracruz, Ver.- Despu\u00e9s de 15 a\u00f1os de ausencia, Marco Antonio Sol\u00eds, \u201cEl Buki\u201d, se presentar\u00e1 en Veracruz el pr\u00f3ximo 10 de mayo del 2025, una fecha especial para celebrar el D\u00eda de las Madres. Mitzy Cruz, promotora de M\u00fasic Vibe que destac\u00f3 la importancia del evento para los veracruzanos. \u201cQu\u00e9 mejor d\u00eda para [&hellip;]<\/p>\n","protected":false},"author":2476,"featured_media":61633,"comment_status":"open","ping_status":"open","sticky":false,"template":"","format":"standard","meta":{"_jetpack_memberships_contains_paid_content":false,"footnotes":""},"categories":[2],"tags":[],"class_list":["post-61632","post","type-post","status-publish","format-standard","has-post-thumbnail","hentry","category-estado"],"jetpack_featured_media_url":"https:\/\/encuentroinformativo.com.mx\/wp-content\/uploads\/2024\/12\/IMG-20241206-WA0030.jpg","jetpack_sharing_enabled":true,"jetpack_likes_enabled":true,"amp_enabled":true,"_links":{"self":[{"href":"https:\/\/encuentroinformativo.com.mx\/index.php?rest_route=\/wp\/v2\/posts\/61632","targetHints":{"allow":["GET"]}}],"collection":[{"href":"https:\/\/encuentroinformativo.com.mx\/index.php?rest_route=\/wp\/v2\/posts"}],"about":[{"href":"https:\/\/encuentroinformativo.com.mx\/index.php?rest_route=\/wp\/v2\/types\/post"}],"author":[{"embeddable":true,"href":"https:\/\/encuentroinformativo.com.mx\/index.php?rest_route=\/wp\/v2\/users\/2476"}],"replies":[{"embeddable":true,"href":"https:\/\/encuentroinformativo.com.mx\/index.php?rest_route=%2Fwp%2Fv2%2Fcomments&post=61632"}],"version-history":[{"count":1,"href":"https:\/\/encuentroinformativo.com.mx\/index.php?rest_route=\/wp\/v2\/posts\/61632\/revisions"}],"predecessor-version":[{"id":61634,"href":"https:\/\/encuentroinformativo.com.mx\/index.php?rest_route=\/wp\/v2\/posts\/61632\/revisions\/61634"}],"wp:featuredmedia":[{"embeddable":true,"href":"https:\/\/encuentroinformativo.com.mx\/index.php?rest_route=\/wp\/v2\/media\/61633"}],"wp:attachment":[{"href":"https:\/\/encuentroinformativo.com.mx\/index.php?rest_route=%2Fwp%2Fv2%2Fmedia&parent=61632"}],"wp:term":[{"taxonomy":"category","embeddable":true,"href":"https:\/\/encuentroinformativo.com.mx\/index.php?rest_route=%2Fwp%2Fv2%2Fcategories&post=61632"},{"taxonomy":"post_tag","embeddable":true,"href":"https:\/\/encuentroinformativo.com.mx\/index.php?rest_route=%2Fwp%2Fv2%2Ftags&post=61632"}],"curies":[{"name":"wp","href":"https:\/\/api.w.org\/{rel}","templated":true}]}}