{"id":61647,"date":"2024-12-06T14:23:14","date_gmt":"2024-12-06T20:23:14","guid":{"rendered":"https:\/\/encuentroinformativo.com.mx\/?p=61647"},"modified":"2024-12-06T14:23:19","modified_gmt":"2024-12-06T20:23:19","slug":"confirma-gobernadora-nahle-reunion-con-colectivos-de-busqueda","status":"publish","type":"post","link":"https:\/\/encuentroinformativo.com.mx\/?p=61647","title":{"rendered":"Confirma gobernadora Nahle reuni\u00f3n con Colectivos de B\u00fasqueda"},"content":{"rendered":"\n<p><strong>Redacci\u00f3n<\/strong><\/p>\n\n\n\n<p>Xalapa, Ver.- La gobernadora Roc\u00edo Nahle Garc\u00eda confirm\u00f3 que ser\u00e1 el pr\u00f3ximo lunes cuando sostenga una reuni\u00f3n con familiares de colectivos de b\u00fasqueda de personas desaparecidas.<\/p>\n\n\n\n<p>En conferencia de prensa, sin abundar en detalles afirm\u00f3 que sostendr\u00e1n una reuni\u00f3n de trabajo \u201cel lunes me voy a reunir con ellos, con los colectivos\u2026 vamos a hablar con ellos, yo ped\u00ed est\u00e1 reuni\u00f3n vamos a estar tanto el secretario Ahued y una servidora, primero vamos a platicar\u201d.<\/p>\n\n\n\n<p>Del mismo modo, cuestionada sobre el proyecto de construcci\u00f3n de un laboratorio forense en el pante\u00f3n de Palo Verde por parte de la Fiscal\u00eda General del Estado (FGE), se\u00f1al\u00f3 que el proyecto continua pero se analiza la posibilidad de otro espacio.<\/p>\n\n\n\n<p>\u201cLo del tema del laboratorio si va para adelante, estamos viendo la opci\u00f3n del sitio, qu\u00e9 sitio hay, pero s\u00ed es necesario\u201d.<\/p>\n\n\n\n<p>Finalmente, Nahle Garc\u00eda dijo que es importante destacar que en Veracruz hay estabilidad pol\u00edtica y gobernanza \u201ces muy importante decirles que hay estabilidad pol\u00edtica en Veracruz, hay gobernanza. El gobierno est\u00e1 trabajando, las instituciones, las secretar\u00edas estamos atendiendo en este proceso de la toma de la administraci\u00f3n por eso para mi era importante verlos y comunicarles esto\u201d, puntualiz\u00f3.<\/p>\n","protected":false},"excerpt":{"rendered":"<p>Redacci\u00f3n Xalapa, Ver.- La gobernadora Roc\u00edo Nahle Garc\u00eda confirm\u00f3 que ser\u00e1 el pr\u00f3ximo lunes cuando sostenga una reuni\u00f3n con familiares de colectivos de b\u00fasqueda de personas desaparecidas. En conferencia de prensa, sin abundar en detalles afirm\u00f3 que sostendr\u00e1n una reuni\u00f3n de trabajo \u201cel lunes me voy a reunir con ellos, con los colectivos\u2026 vamos a [&hellip;]<\/p>\n","protected":false},"author":2476,"featured_media":61648,"comment_status":"open","ping_status":"open","sticky":false,"template":"","format":"standard","meta":{"_jetpack_memberships_contains_paid_content":false,"footnotes":""},"categories":[2],"tags":[],"class_list":["post-61647","post","type-post","status-publish","format-standard","has-post-thumbnail","hentry","category-estado"],"jetpack_featured_media_url":"https:\/\/encuentroinformativo.com.mx\/wp-content\/uploads\/2024\/12\/IMG-20241206-WA0095.jpg","jetpack_sharing_enabled":true,"jetpack_likes_enabled":true,"amp_enabled":true,"_links":{"self":[{"href":"https:\/\/encuentroinformativo.com.mx\/index.php?rest_route=\/wp\/v2\/posts\/61647","targetHints":{"allow":["GET"]}}],"collection":[{"href":"https:\/\/encuentroinformativo.com.mx\/index.php?rest_route=\/wp\/v2\/posts"}],"about":[{"href":"https:\/\/encuentroinformativo.com.mx\/index.php?rest_route=\/wp\/v2\/types\/post"}],"author":[{"embeddable":true,"href":"https:\/\/encuentroinformativo.com.mx\/index.php?rest_route=\/wp\/v2\/users\/2476"}],"replies":[{"embeddable":true,"href":"https:\/\/encuentroinformativo.com.mx\/index.php?rest_route=%2Fwp%2Fv2%2Fcomments&post=61647"}],"version-history":[{"count":1,"href":"https:\/\/encuentroinformativo.com.mx\/index.php?rest_route=\/wp\/v2\/posts\/61647\/revisions"}],"predecessor-version":[{"id":61649,"href":"https:\/\/encuentroinformativo.com.mx\/index.php?rest_route=\/wp\/v2\/posts\/61647\/revisions\/61649"}],"wp:featuredmedia":[{"embeddable":true,"href":"https:\/\/encuentroinformativo.com.mx\/index.php?rest_route=\/wp\/v2\/media\/61648"}],"wp:attachment":[{"href":"https:\/\/encuentroinformativo.com.mx\/index.php?rest_route=%2Fwp%2Fv2%2Fmedia&parent=61647"}],"wp:term":[{"taxonomy":"category","embeddable":true,"href":"https:\/\/encuentroinformativo.com.mx\/index.php?rest_route=%2Fwp%2Fv2%2Fcategories&post=61647"},{"taxonomy":"post_tag","embeddable":true,"href":"https:\/\/encuentroinformativo.com.mx\/index.php?rest_route=%2Fwp%2Fv2%2Ftags&post=61647"}],"curies":[{"name":"wp","href":"https:\/\/api.w.org\/{rel}","templated":true}]}}