{"id":61661,"date":"2024-12-06T15:53:40","date_gmt":"2024-12-06T21:53:40","guid":{"rendered":"https:\/\/encuentroinformativo.com.mx\/?p=61661"},"modified":"2024-12-06T15:53:45","modified_gmt":"2024-12-06T21:53:45","slug":"se-buscara-mejorar-la-infraestructura-carretera-nahle","status":"publish","type":"post","link":"https:\/\/encuentroinformativo.com.mx\/?p=61661","title":{"rendered":"Se buscar\u00e1 mejorar la infraestructura carretera: Nahle"},"content":{"rendered":"\n<p><strong>Dar\u00edo Pale <\/strong><\/p>\n\n\n\n<p>Xalapa, Ver.- Buscar\u00e1 la Gobernadora Roc\u00edo Nahle Garc\u00eda que todas las carreteras del Estado est\u00e9n en \u00f3ptimas condiciones esto a trav\u00e9s del programa federal Bacheton el cual est\u00e1 llev\u00e1ndose a cabo en todo el pa\u00eds.<\/p>\n\n\n\n<p>En conferencia de prensa dijo que, ante la queja de diversos sectores del p\u00e9simo estado de muchas carreteras estatales, federales y hasta concesionadas, la gobernadora, defini\u00f3 que primero, a trav\u00e9s del programa Bachet\u00f3n, buscar\u00e1 que todas las carreteras estatales est\u00e9n en condiciones \u00f3ptimas para su circulaci\u00f3n.<\/p>\n\n\n\n<p>Resalt\u00f3 que en M\u00e9xico y todo el mundo, las carreteras deben contar con un programa de conservaci\u00f3n, &#8220;entonces ahorita lo que me interesa es, en todo el Estado, tratar de que est\u00e9n en \u00f3ptimas (condiciones), por eso voy al norte la pr\u00f3xima semana, porque s\u00ed tenemos la peor carretera de todas: la P\u00e1nuco- Tantoyuca-Tuxpan&#8221;.<\/p>\n\n\n\n<p>Ah\u00ed, record\u00f3 que la presidenta Claudia Sheinbaum hizo el compromiso de que se rehabilitar\u00e1n 217 kil\u00f3metros y se ampliar\u00e1 de 7 a 12 metros de ancho.<\/p>\n\n\n\n<p>Cuestionada tambi\u00e9n respecto del mal estado de la carretera Veracruz- Xalapa, mencion\u00f3 que el derrumbe en la Orizaba- Puebla genera mayor carga vehicular de este lado, pero ella transita diario por ah\u00ed y le consta que el tramo concesionado est\u00e1 en buen estado.<\/p>\n\n\n\n<p>En el caso de los tramos que no est\u00e1n concesionados, afirm\u00f3 que ya se comenzaron a reparar a trav\u00e9s del Bachet\u00f3n.<\/p>\n\n\n\n<p>En cuanto a la desaparici\u00f3n de la caseta de cobro de Coatzacoalcos, adelant\u00f3 que el secretario del Trabajo, Previsi\u00f3n Social y Productividad, Luis Arturo Santiago Mart\u00ednez, ya se reuni\u00f3 con la empresa concesionaria para que se liquide conforme a Derecho a los extrabajadores.<\/p>\n\n\n\n<p>Detall\u00f3 que son 36 personas a las que se les dar\u00e1 empleo en la administraci\u00f3n estatal, ya que su objetivo no es dejar a personas sin su fuente de ingresos, se trataba de hacer justicia social desde hace muchos a\u00f1os.<\/p>\n\n\n\n<p>&#8220;Termin\u00f3 la concesi\u00f3n en agosto, el gobernador Cuitl\u00e1huac pidi\u00f3 la ampliaci\u00f3n y se la dieron al 24 de noviembre, entonces, en conjunto nos pusimos a trabajar para que se diera este cierre, vimos todo el expediente de la carretera, las condiciones estaban dadas y hab\u00eda que hacer una pr\u00f3rroga de la concesi\u00f3n al 1 de diciembre para que nosotros nos pudi\u00e9ramos hacer cargo del mantenimiento y conservaci\u00f3n del puente&#8221;, explic\u00f3.<\/p>\n\n\n\n<p>Por \u00faltimo, recalc\u00f3 que el puente Coatzacoalcos I ya est\u00e1 a cargo del gobierno de Veracruz.<\/p>\n","protected":false},"excerpt":{"rendered":"<p>Dar\u00edo Pale Xalapa, Ver.- Buscar\u00e1 la Gobernadora Roc\u00edo Nahle Garc\u00eda que todas las carreteras del Estado est\u00e9n en \u00f3ptimas condiciones esto a trav\u00e9s del programa federal Bacheton el cual est\u00e1 llev\u00e1ndose a cabo en todo el pa\u00eds. En conferencia de prensa dijo que, ante la queja de diversos sectores del p\u00e9simo estado de muchas carreteras [&hellip;]<\/p>\n","protected":false},"author":2476,"featured_media":61662,"comment_status":"open","ping_status":"open","sticky":false,"template":"","format":"standard","meta":{"_jetpack_memberships_contains_paid_content":false,"footnotes":""},"categories":[2],"tags":[],"class_list":["post-61661","post","type-post","status-publish","format-standard","has-post-thumbnail","hentry","category-estado"],"jetpack_featured_media_url":"https:\/\/encuentroinformativo.com.mx\/wp-content\/uploads\/2024\/12\/IMG-20241206-WA0109.jpg","jetpack_sharing_enabled":true,"jetpack_likes_enabled":true,"amp_enabled":true,"_links":{"self":[{"href":"https:\/\/encuentroinformativo.com.mx\/index.php?rest_route=\/wp\/v2\/posts\/61661","targetHints":{"allow":["GET"]}}],"collection":[{"href":"https:\/\/encuentroinformativo.com.mx\/index.php?rest_route=\/wp\/v2\/posts"}],"about":[{"href":"https:\/\/encuentroinformativo.com.mx\/index.php?rest_route=\/wp\/v2\/types\/post"}],"author":[{"embeddable":true,"href":"https:\/\/encuentroinformativo.com.mx\/index.php?rest_route=\/wp\/v2\/users\/2476"}],"replies":[{"embeddable":true,"href":"https:\/\/encuentroinformativo.com.mx\/index.php?rest_route=%2Fwp%2Fv2%2Fcomments&post=61661"}],"version-history":[{"count":1,"href":"https:\/\/encuentroinformativo.com.mx\/index.php?rest_route=\/wp\/v2\/posts\/61661\/revisions"}],"predecessor-version":[{"id":61663,"href":"https:\/\/encuentroinformativo.com.mx\/index.php?rest_route=\/wp\/v2\/posts\/61661\/revisions\/61663"}],"wp:featuredmedia":[{"embeddable":true,"href":"https:\/\/encuentroinformativo.com.mx\/index.php?rest_route=\/wp\/v2\/media\/61662"}],"wp:attachment":[{"href":"https:\/\/encuentroinformativo.com.mx\/index.php?rest_route=%2Fwp%2Fv2%2Fmedia&parent=61661"}],"wp:term":[{"taxonomy":"category","embeddable":true,"href":"https:\/\/encuentroinformativo.com.mx\/index.php?rest_route=%2Fwp%2Fv2%2Fcategories&post=61661"},{"taxonomy":"post_tag","embeddable":true,"href":"https:\/\/encuentroinformativo.com.mx\/index.php?rest_route=%2Fwp%2Fv2%2Ftags&post=61661"}],"curies":[{"name":"wp","href":"https:\/\/api.w.org\/{rel}","templated":true}]}}