{"id":61664,"date":"2024-12-06T17:27:32","date_gmt":"2024-12-06T23:27:32","guid":{"rendered":"https:\/\/encuentroinformativo.com.mx\/?p=61664"},"modified":"2024-12-06T17:27:37","modified_gmt":"2024-12-06T23:27:37","slug":"presentan-en-el-congreso-de-veracruz-el-libro-primavera-comunitaria","status":"publish","type":"post","link":"https:\/\/encuentroinformativo.com.mx\/?p=61664","title":{"rendered":"Presentan en el Congreso de Veracruz el libro \u201cPrimavera comunitaria\u201d"},"content":{"rendered":"\n<ul class=\"wp-block-list\"><li><strong>Autor\u00eda de la antrop\u00f3loga Concepci\u00f3n Hern\u00e1ndez Mijangos.<\/strong><\/li><\/ul>\n\n\n\n<p>Xalapa, Ver.- En el Poder Legislativo de Veracruz se realiz\u00f3 la presentaci\u00f3n del libro \u201cPrimavera comunitaria\u201d, el protagonismo de las mujeres y el despertar de la conciencia, autor\u00eda de la antrop\u00f3loga Concepci\u00f3n Hern\u00e1ndez Mijangos.<\/p>\n\n\n\n<p>El evento, moderado por la maestra Martha Mendoza Parissi, se cont\u00f3 con la participaci\u00f3n de activistas por la defensa de los derechos de las mujeres y de lideresas de los municipios, Chinameca, Pajapan, J\u00e1ltipan, Minatitl\u00e1n y Coatzacoalcos, encabezadas por la representante del Club de Mujeres Libres de Tatahuicapan, Minerva Gal\u00e1n Quinta, esposa del diputado Esteban Bautista Hern\u00e1ndez, presidente de la Junta de Coordinaci\u00f3n Pol\u00edtica (Jucopo) de la LXVII Legislatura del estado.<\/p>\n\n\n\n<p>En la Sala Irene Bourell Peralta y ante la presencia de la encargada del Instituto Veracruzano de las Mujeres (IVM), Zaira Fabiola del Toro Olivares, y tras la participaci\u00f3n de las expertas en la materia, en relaci\u00f3n con el contenido del libro, la autora, Concepci\u00f3n Hern\u00e1ndez, agradeci\u00f3 las facilidades otorgadas para presentar su libro y narr\u00f3 las experiencias que ha tenido en la materia a lo largo de m\u00e1s de 50 a\u00f1os.<\/p>\n\n\n\n<p>De acuerdo con la semblanza presentada por la maestra Martha Mendoza, la antrop\u00f3loga Concepci\u00f3n Hern\u00e1ndez cuenta con una experiencia de m\u00e1s de 50 a\u00f1os y destaca por el impacto positivo que ha tenido en la comunidad para hacer posible la participaci\u00f3n ciudadana de mujeres en diversas partes del pa\u00eds.<\/p>\n\n\n\n<p>Expone que con \u201cPrimavera comunitaria\u201d, la autora da lecciones pr\u00e1cticas del trabajo comunitario y sirve de gu\u00eda para j\u00f3venes que se dedican al trabajo social, toda vez que da lecciones de estrategias planeadas con base en diagn\u00f3sticos participativos, \u201ctodo se debe diagnosticar, porque debe saberse la realidad de las comunidades en las que se va a trabajar\u201d, refiere.<\/p>\n\n\n\n<p>Precisa el diagn\u00f3stico comunitario y ejemplifica los casos de capacitaci\u00f3n para que m\u00e1s mujeres asuman la titularidad de las agencias y subagencias municipales.<\/p>\n\n\n\n<p>La antrop\u00f3loga Concepci\u00f3n Hern\u00e1ndez es una trabajadora social veracruzana que en su trayectoria destaca por su labor en el desarrollo de la organizaci\u00f3n comunitaria, participaci\u00f3n ciudadana, educaci\u00f3n popular y derechos humanos.<\/p>\n\n\n\n<p>Ha capacitado a autoridades y funcionarios municipales en pol\u00edticas p\u00fablicas, as\u00ed como diagn\u00f3sticos sobre la condici\u00f3n y la posici\u00f3n de las mujeres en los territorios que habitan. Es formadora de trabajadoras sociales con propuestas pedag\u00f3gicas alternativas, enfocadas en la concientizaci\u00f3n de los sujetos para la transformaci\u00f3n social.<\/p>\n\n\n\n<p>En el uso de la palabra, la ciudadana Minerva Gal\u00e1n Quinta narr\u00f3 su experiencia en la administraci\u00f3n municipal de Tatahuicapan de Ju\u00e1rez y los compromisos que asumi\u00f3 desde el DIF para implementar un trabajo por los derechos de las mujeres y el fortalecimiento del Instituto de las Mujeres, \u201cdejamos el escritorio y nos fuimos al territorio para atender a las mujeres, sobre todo aquellas que sufr\u00edan alg\u00fan tipo de violencia\u201d.<\/p>\n","protected":false},"excerpt":{"rendered":"<p>Autor\u00eda de la antrop\u00f3loga Concepci\u00f3n Hern\u00e1ndez Mijangos. Xalapa, Ver.- En el Poder Legislativo de Veracruz se realiz\u00f3 la presentaci\u00f3n del libro \u201cPrimavera comunitaria\u201d, el protagonismo de las mujeres y el despertar de la conciencia, autor\u00eda de la antrop\u00f3loga Concepci\u00f3n Hern\u00e1ndez Mijangos. El evento, moderado por la maestra Martha Mendoza Parissi, se cont\u00f3 con la participaci\u00f3n [&hellip;]<\/p>\n","protected":false},"author":2476,"featured_media":61665,"comment_status":"open","ping_status":"open","sticky":false,"template":"","format":"standard","meta":{"_jetpack_memberships_contains_paid_content":false,"footnotes":""},"categories":[2],"tags":[],"class_list":["post-61664","post","type-post","status-publish","format-standard","has-post-thumbnail","hentry","category-estado"],"jetpack_featured_media_url":"https:\/\/encuentroinformativo.com.mx\/wp-content\/uploads\/2024\/12\/NOV06DIC2024LIBR.1.jpeg","jetpack_sharing_enabled":true,"jetpack_likes_enabled":true,"amp_enabled":true,"_links":{"self":[{"href":"https:\/\/encuentroinformativo.com.mx\/index.php?rest_route=\/wp\/v2\/posts\/61664","targetHints":{"allow":["GET"]}}],"collection":[{"href":"https:\/\/encuentroinformativo.com.mx\/index.php?rest_route=\/wp\/v2\/posts"}],"about":[{"href":"https:\/\/encuentroinformativo.com.mx\/index.php?rest_route=\/wp\/v2\/types\/post"}],"author":[{"embeddable":true,"href":"https:\/\/encuentroinformativo.com.mx\/index.php?rest_route=\/wp\/v2\/users\/2476"}],"replies":[{"embeddable":true,"href":"https:\/\/encuentroinformativo.com.mx\/index.php?rest_route=%2Fwp%2Fv2%2Fcomments&post=61664"}],"version-history":[{"count":1,"href":"https:\/\/encuentroinformativo.com.mx\/index.php?rest_route=\/wp\/v2\/posts\/61664\/revisions"}],"predecessor-version":[{"id":61666,"href":"https:\/\/encuentroinformativo.com.mx\/index.php?rest_route=\/wp\/v2\/posts\/61664\/revisions\/61666"}],"wp:featuredmedia":[{"embeddable":true,"href":"https:\/\/encuentroinformativo.com.mx\/index.php?rest_route=\/wp\/v2\/media\/61665"}],"wp:attachment":[{"href":"https:\/\/encuentroinformativo.com.mx\/index.php?rest_route=%2Fwp%2Fv2%2Fmedia&parent=61664"}],"wp:term":[{"taxonomy":"category","embeddable":true,"href":"https:\/\/encuentroinformativo.com.mx\/index.php?rest_route=%2Fwp%2Fv2%2Fcategories&post=61664"},{"taxonomy":"post_tag","embeddable":true,"href":"https:\/\/encuentroinformativo.com.mx\/index.php?rest_route=%2Fwp%2Fv2%2Ftags&post=61664"}],"curies":[{"name":"wp","href":"https:\/\/api.w.org\/{rel}","templated":true}]}}