{"id":61671,"date":"2024-12-07T15:01:49","date_gmt":"2024-12-07T21:01:49","guid":{"rendered":"https:\/\/encuentroinformativo.com.mx\/?p=61671"},"modified":"2024-12-07T15:01:57","modified_gmt":"2024-12-07T21:01:57","slug":"ante-desaparicion-del-ivai-no-hay-pasividad-jimenez-rojas","status":"publish","type":"post","link":"https:\/\/encuentroinformativo.com.mx\/?p=61671","title":{"rendered":"Ante desaparici\u00f3n del IVAI, no hay pasividad: Jim\u00e9nez Rojas"},"content":{"rendered":"\n<p><strong>Dar\u00edo Pale <\/strong><\/p>\n\n\n\n<p>Xalapa, Ver.- No hay pasividad por desaparici\u00f3n de IVAI, trabajadores ser\u00e1n reubicados en 80 por ciento, asi lo dio a conocer el comisionado presidente del Instituto Veracruzano de Acceso a la Informaci\u00f3n y Protecci\u00f3n de Datos Personales (IVAI), David Agust\u00edn Jim\u00e9nez Rojas.<\/p>\n\n\n\n<p>En entrevista record\u00f3 que en cuanto se d\u00e9 la desaparici\u00f3n del Instituto, la Contralor\u00eda General del Estado ser\u00e1 la que absorba la mayor\u00eda de las funciones, tomando como s\u00edmil lo ocurrido a nivel federal con el INAI.<\/p>\n\n\n\n<p>El comisionado presidente sostuvo que los trabajadores est\u00e1n conformes, toda vez que son personas comprometidas con la transparencia, con la instituci\u00f3n.<\/p>\n\n\n\n<p>&#8220;Y saben que las funciones las van a hacer, pero en otra dependencia, en este caso la Contralor\u00eda. En el caso de partidos pol\u00edticos, podr\u00eda ser el OPLE, depende de c\u00f3mo armonice el Congreso del Estado&#8221;, se\u00f1al\u00f3.<\/p>\n\n\n\n<p>&#8220;No, no, ser\u00eda irresponsable hablar de pasividad. Nosotros fuimos muy claros, todas las reformas positivas&#8221;, agreg\u00f3.<\/p>\n\n\n\n<p>Puntualiz\u00f3 que la obligaci\u00f3n del Instituto era enviar su propuesta de presupuesto para el pr\u00f3ximo a\u00f1o, lo cual hicieron, incluso siguen trabajando.<\/p>\n\n\n\n<p>Aclar\u00f3 que primero se debe armonizar la desaparici\u00f3n del \u00f3rgano garante de Veracruz y luego garantizar la indemnizaci\u00f3n de los trabajadores.<\/p>\n\n\n\n<p>En ese sentido, expuso que se les dar\u00e1 lo que les corresponde por Ley.<\/p>\n\n\n\n<p>Jim\u00e9nez Rojas abund\u00f3 que con base en el presupuesto para el IVAI que apruebe el Congreso local, se deber\u00e1 tomar en cuenta el recurso para las indemnizaciones.<\/p>\n\n\n\n<p>&#8220;Depende de los tiempos armonizar, de acuerdo al art\u00edculo transitorio, son 90 d\u00edas, estamos sujetos a esto&#8221;, coment\u00f3.<\/p>\n\n\n\n<p>Finalmente, admiti\u00f3 que lo \u00fanico que no tienen claro es qu\u00e9 va a pasar con los trabajadores de las ponencias, pero destac\u00f3 que la reubicaci\u00f3n del personal ser\u00e1 de un 80 por ciento.<\/p>\n","protected":false},"excerpt":{"rendered":"<p>Dar\u00edo Pale Xalapa, Ver.- No hay pasividad por desaparici\u00f3n de IVAI, trabajadores ser\u00e1n reubicados en 80 por ciento, asi lo dio a conocer el comisionado presidente del Instituto Veracruzano de Acceso a la Informaci\u00f3n y Protecci\u00f3n de Datos Personales (IVAI), David Agust\u00edn Jim\u00e9nez Rojas. En entrevista record\u00f3 que en cuanto se d\u00e9 la desaparici\u00f3n del [&hellip;]<\/p>\n","protected":false},"author":2476,"featured_media":61672,"comment_status":"open","ping_status":"open","sticky":false,"template":"","format":"standard","meta":{"_jetpack_memberships_contains_paid_content":false,"footnotes":""},"categories":[2],"tags":[],"class_list":["post-61671","post","type-post","status-publish","format-standard","has-post-thumbnail","hentry","category-estado"],"jetpack_featured_media_url":"https:\/\/encuentroinformativo.com.mx\/wp-content\/uploads\/2024\/12\/IMG-20241207-WA0019.jpg","jetpack_sharing_enabled":true,"jetpack_likes_enabled":true,"amp_enabled":true,"_links":{"self":[{"href":"https:\/\/encuentroinformativo.com.mx\/index.php?rest_route=\/wp\/v2\/posts\/61671","targetHints":{"allow":["GET"]}}],"collection":[{"href":"https:\/\/encuentroinformativo.com.mx\/index.php?rest_route=\/wp\/v2\/posts"}],"about":[{"href":"https:\/\/encuentroinformativo.com.mx\/index.php?rest_route=\/wp\/v2\/types\/post"}],"author":[{"embeddable":true,"href":"https:\/\/encuentroinformativo.com.mx\/index.php?rest_route=\/wp\/v2\/users\/2476"}],"replies":[{"embeddable":true,"href":"https:\/\/encuentroinformativo.com.mx\/index.php?rest_route=%2Fwp%2Fv2%2Fcomments&post=61671"}],"version-history":[{"count":1,"href":"https:\/\/encuentroinformativo.com.mx\/index.php?rest_route=\/wp\/v2\/posts\/61671\/revisions"}],"predecessor-version":[{"id":61673,"href":"https:\/\/encuentroinformativo.com.mx\/index.php?rest_route=\/wp\/v2\/posts\/61671\/revisions\/61673"}],"wp:featuredmedia":[{"embeddable":true,"href":"https:\/\/encuentroinformativo.com.mx\/index.php?rest_route=\/wp\/v2\/media\/61672"}],"wp:attachment":[{"href":"https:\/\/encuentroinformativo.com.mx\/index.php?rest_route=%2Fwp%2Fv2%2Fmedia&parent=61671"}],"wp:term":[{"taxonomy":"category","embeddable":true,"href":"https:\/\/encuentroinformativo.com.mx\/index.php?rest_route=%2Fwp%2Fv2%2Fcategories&post=61671"},{"taxonomy":"post_tag","embeddable":true,"href":"https:\/\/encuentroinformativo.com.mx\/index.php?rest_route=%2Fwp%2Fv2%2Ftags&post=61671"}],"curies":[{"name":"wp","href":"https:\/\/api.w.org\/{rel}","templated":true}]}}