{"id":61674,"date":"2024-12-07T15:06:19","date_gmt":"2024-12-07T21:06:19","guid":{"rendered":"https:\/\/encuentroinformativo.com.mx\/?p=61674"},"modified":"2024-12-07T15:06:27","modified_gmt":"2024-12-07T21:06:27","slug":"pendiente-pvem-de-reingenieria-a-ley-organica-del-poder-ejecutivo","status":"publish","type":"post","link":"https:\/\/encuentroinformativo.com.mx\/?p=61674","title":{"rendered":"Pendiente PVEM de reingenier\u00eda a Ley Org\u00e1nica del Poder Ejecutivo"},"content":{"rendered":"\n<p><strong>Dar\u00edo Pale <\/strong><\/p>\n\n\n\n<p>Xalapa, Ver.- Estar\u00e1n atentos a la propuesta que env\u00ede la gobernadora Roc\u00edo Nahle Garc\u00eda para hacer una &#8220;reingenier\u00eda&#8221; a la Ley Org\u00e1nica del Poder Ejecutivo, as\u00ed lo dio a conocer el coordinador del grupo legislativo del Partido Verde, en el Congreso local, Carlos Marcelo Ruiz S\u00e1nchez.<\/p>\n\n\n\n<p>En entrevista coment\u00f3 que, la titular del Ejecutivo podr\u00eda recomponer todos aquellos errores cometidos en el pasado, respondi\u00f3 que tiene la convicci\u00f3n de construir un mejor Veracruz.<\/p>\n\n\n\n<p>Opin\u00f3 que cada administraci\u00f3n tiene &#8220;claroscuros&#8221;, pero se debe continuar con lo que s\u00ed funcion\u00f3 y mejorar lo que le falt\u00f3 tiempo.<\/p>\n\n\n\n<p>&#8220;Estoy convencido de que la Gobernadora tiene un diagn\u00f3stico muy claro de Veracruz, m\u00e1s all\u00e1 de lo que haya hecho el gobierno que termin\u00f3. Veracruz tiene deudas hist\u00f3ricas que hay que atender&#8221;, asever\u00f3.<\/p>\n\n\n\n<p>Por lo que con la nueva iniciativa, destac\u00f3 que dicha propuesta busca que haya una mayor eficiencia en el uso de los recursos p\u00fablicos.<\/p>\n\n\n\n<p>&#8220;Estamos convencidos que ser\u00e1 una gran gobernadora, aspiro a que sea la mejor gobernadora de la historia de Veracruz y tendr\u00e1 todo nuestro apoyo directo y total&#8221;, indic\u00f3.<\/p>\n\n\n\n<p>Finalmente Ruiz S\u00e1nchez opin\u00f3 que Nahle Garc\u00eda conoce esas deudas y les dar\u00e1 atenci\u00f3n y seguimiento con base en sus atribuciones y gobernar\u00e1 para todas y todos los veracruzanos.<\/p>\n","protected":false},"excerpt":{"rendered":"<p>Dar\u00edo Pale Xalapa, Ver.- Estar\u00e1n atentos a la propuesta que env\u00ede la gobernadora Roc\u00edo Nahle Garc\u00eda para hacer una &#8220;reingenier\u00eda&#8221; a la Ley Org\u00e1nica del Poder Ejecutivo, as\u00ed lo dio a conocer el coordinador del grupo legislativo del Partido Verde, en el Congreso local, Carlos Marcelo Ruiz S\u00e1nchez. En entrevista coment\u00f3 que, la titular del [&hellip;]<\/p>\n","protected":false},"author":2476,"featured_media":61675,"comment_status":"open","ping_status":"open","sticky":false,"template":"","format":"standard","meta":{"_jetpack_memberships_contains_paid_content":false,"footnotes":""},"categories":[2],"tags":[],"class_list":["post-61674","post","type-post","status-publish","format-standard","has-post-thumbnail","hentry","category-estado"],"jetpack_featured_media_url":"https:\/\/encuentroinformativo.com.mx\/wp-content\/uploads\/2024\/12\/IMG-20241207-WA0024.jpg","jetpack_sharing_enabled":true,"jetpack_likes_enabled":true,"amp_enabled":true,"_links":{"self":[{"href":"https:\/\/encuentroinformativo.com.mx\/index.php?rest_route=\/wp\/v2\/posts\/61674","targetHints":{"allow":["GET"]}}],"collection":[{"href":"https:\/\/encuentroinformativo.com.mx\/index.php?rest_route=\/wp\/v2\/posts"}],"about":[{"href":"https:\/\/encuentroinformativo.com.mx\/index.php?rest_route=\/wp\/v2\/types\/post"}],"author":[{"embeddable":true,"href":"https:\/\/encuentroinformativo.com.mx\/index.php?rest_route=\/wp\/v2\/users\/2476"}],"replies":[{"embeddable":true,"href":"https:\/\/encuentroinformativo.com.mx\/index.php?rest_route=%2Fwp%2Fv2%2Fcomments&post=61674"}],"version-history":[{"count":1,"href":"https:\/\/encuentroinformativo.com.mx\/index.php?rest_route=\/wp\/v2\/posts\/61674\/revisions"}],"predecessor-version":[{"id":61676,"href":"https:\/\/encuentroinformativo.com.mx\/index.php?rest_route=\/wp\/v2\/posts\/61674\/revisions\/61676"}],"wp:featuredmedia":[{"embeddable":true,"href":"https:\/\/encuentroinformativo.com.mx\/index.php?rest_route=\/wp\/v2\/media\/61675"}],"wp:attachment":[{"href":"https:\/\/encuentroinformativo.com.mx\/index.php?rest_route=%2Fwp%2Fv2%2Fmedia&parent=61674"}],"wp:term":[{"taxonomy":"category","embeddable":true,"href":"https:\/\/encuentroinformativo.com.mx\/index.php?rest_route=%2Fwp%2Fv2%2Fcategories&post=61674"},{"taxonomy":"post_tag","embeddable":true,"href":"https:\/\/encuentroinformativo.com.mx\/index.php?rest_route=%2Fwp%2Fv2%2Ftags&post=61674"}],"curies":[{"name":"wp","href":"https:\/\/api.w.org\/{rel}","templated":true}]}}