{"id":61677,"date":"2024-12-07T15:10:49","date_gmt":"2024-12-07T21:10:49","guid":{"rendered":"https:\/\/encuentroinformativo.com.mx\/?p=61677"},"modified":"2024-12-07T15:10:54","modified_gmt":"2024-12-07T21:10:54","slug":"sin-pirotecnia-peregrinaciones-en-el-dique-parroco","status":"publish","type":"post","link":"https:\/\/encuentroinformativo.com.mx\/?p=61677","title":{"rendered":"Sin pirotecnia peregrinaciones en El Dique: P\u00e1rroco"},"content":{"rendered":"\n<p><strong>Dar\u00edo Pale <\/strong><\/p>\n\n\n\n<p>Xalapa, Ver.- El P\u00e1rroco de la Bas\u00edlica Menor de nuestra se\u00f1ora de Guadalupe, Javier Aguilar Viveros dio a conocer que, en las peregrinaciones no est\u00e1n utilizando pirotecnia, ya que toda esa zona est\u00e1 muy poblada.<\/p>\n\n\n\n<p>En entrevista inform\u00f3 sostuvieron una reuni\u00f3n con las autoridades municipales y estatales de quienes han recibido un gran apoyo al igual que con las diferentes corporaciones como son tr\u00e1nsito del estado, polic\u00edas, limpia p\u00fablica entre otros.<\/p>\n\n\n\n<p>En cuanto al uso de la pirotecnia coment\u00f3 que en las peregrinaciones no est\u00e1n utilizando pirotecnia, ya que toda esa zona est\u00e1 muy poblada, incluso los autobuses que vienen en las peregrinaciones no entran solo los taxistas.<\/p>\n\n\n\n<p>Por lo que hacen un llamado a que no utilicen la pirotecnia, pero desde hace mucho tiempo que no lo hacen, pero hacen un recordatorio de que dentro de la ciudad no debe utilizarse, por el riesgo que conlleva.<\/p>\n\n\n\n<p>Sobre los alimentos que dan a los peregrinos es gracias a los habitantes del barrio de El Dique siempre los apoyan con v\u00edveres para recibir a los que visitan la Basilica Menor, donde se pide por las diferentes situaciones que la ciudadan\u00eda est\u00e1 viviendo ya que en los momentos de dificultades ella siempre est\u00e1 presente.\u00a0<\/p>\n\n\n\n<figure class=\"wp-block-image size-large\"><img loading=\"lazy\" decoding=\"async\" width=\"1024\" height=\"768\" src=\"https:\/\/encuentroinformativo.com.mx\/wp-content\/uploads\/2024\/12\/1000437823-1024x768.jpg\" alt=\"\" class=\"wp-image-61679\" srcset=\"https:\/\/encuentroinformativo.com.mx\/wp-content\/uploads\/2024\/12\/1000437823-1024x768.jpg 1024w, https:\/\/encuentroinformativo.com.mx\/wp-content\/uploads\/2024\/12\/1000437823-300x225.jpg 300w, https:\/\/encuentroinformativo.com.mx\/wp-content\/uploads\/2024\/12\/1000437823-768x576.jpg 768w, https:\/\/encuentroinformativo.com.mx\/wp-content\/uploads\/2024\/12\/1000437823-1536x1152.jpg 1536w, https:\/\/encuentroinformativo.com.mx\/wp-content\/uploads\/2024\/12\/1000437823.jpg 1600w\" sizes=\"auto, (max-width: 1024px) 100vw, 1024px\" \/><\/figure>\n","protected":false},"excerpt":{"rendered":"<p>Dar\u00edo Pale Xalapa, Ver.- El P\u00e1rroco de la Bas\u00edlica Menor de nuestra se\u00f1ora de Guadalupe, Javier Aguilar Viveros dio a conocer que, en las peregrinaciones no est\u00e1n utilizando pirotecnia, ya que toda esa zona est\u00e1 muy poblada. En entrevista inform\u00f3 sostuvieron una reuni\u00f3n con las autoridades municipales y estatales de quienes han recibido un gran [&hellip;]<\/p>\n","protected":false},"author":2476,"featured_media":61678,"comment_status":"open","ping_status":"open","sticky":false,"template":"","format":"standard","meta":{"_jetpack_memberships_contains_paid_content":false,"footnotes":""},"categories":[3],"tags":[],"class_list":["post-61677","post","type-post","status-publish","format-standard","has-post-thumbnail","hentry","category-xalapa"],"jetpack_featured_media_url":"https:\/\/encuentroinformativo.com.mx\/wp-content\/uploads\/2024\/12\/IMG-20241207-WA0028.jpg","jetpack_sharing_enabled":true,"jetpack_likes_enabled":true,"amp_enabled":true,"_links":{"self":[{"href":"https:\/\/encuentroinformativo.com.mx\/index.php?rest_route=\/wp\/v2\/posts\/61677","targetHints":{"allow":["GET"]}}],"collection":[{"href":"https:\/\/encuentroinformativo.com.mx\/index.php?rest_route=\/wp\/v2\/posts"}],"about":[{"href":"https:\/\/encuentroinformativo.com.mx\/index.php?rest_route=\/wp\/v2\/types\/post"}],"author":[{"embeddable":true,"href":"https:\/\/encuentroinformativo.com.mx\/index.php?rest_route=\/wp\/v2\/users\/2476"}],"replies":[{"embeddable":true,"href":"https:\/\/encuentroinformativo.com.mx\/index.php?rest_route=%2Fwp%2Fv2%2Fcomments&post=61677"}],"version-history":[{"count":1,"href":"https:\/\/encuentroinformativo.com.mx\/index.php?rest_route=\/wp\/v2\/posts\/61677\/revisions"}],"predecessor-version":[{"id":61680,"href":"https:\/\/encuentroinformativo.com.mx\/index.php?rest_route=\/wp\/v2\/posts\/61677\/revisions\/61680"}],"wp:featuredmedia":[{"embeddable":true,"href":"https:\/\/encuentroinformativo.com.mx\/index.php?rest_route=\/wp\/v2\/media\/61678"}],"wp:attachment":[{"href":"https:\/\/encuentroinformativo.com.mx\/index.php?rest_route=%2Fwp%2Fv2%2Fmedia&parent=61677"}],"wp:term":[{"taxonomy":"category","embeddable":true,"href":"https:\/\/encuentroinformativo.com.mx\/index.php?rest_route=%2Fwp%2Fv2%2Fcategories&post=61677"},{"taxonomy":"post_tag","embeddable":true,"href":"https:\/\/encuentroinformativo.com.mx\/index.php?rest_route=%2Fwp%2Fv2%2Ftags&post=61677"}],"curies":[{"name":"wp","href":"https:\/\/api.w.org\/{rel}","templated":true}]}}