{"id":6168,"date":"2020-09-25T13:37:41","date_gmt":"2020-09-25T18:37:41","guid":{"rendered":"https:\/\/encuentroinformativo.com.mx\/?p=6168"},"modified":"2020-09-26T02:24:08","modified_gmt":"2020-09-26T07:24:08","slug":"desaparece-menor-en-martinez-de-la-torre-salio-a-trabajar-y-no-regreso","status":"publish","type":"post","link":"https:\/\/encuentroinformativo.com.mx\/?p=6168","title":{"rendered":"Desaparece menor en Mart\u00ednez de la Torre, sali\u00f3 a trabajar y no regres\u00f3"},"content":{"rendered":"\n<p><strong>Juan Arcos<\/strong><\/p>\n\n\n\n<p>Xalapa, Ver.- Onixa Azeneth Armenta Hernandez, de 17 a\u00f1os, sali\u00f3 de su casa en el municipio de Mart\u00ednez de la Torre, el pasado s\u00e1bado 19 de septiembre, y ya no volvi\u00f3. La menor hab\u00eda informado a sus familiares que ir\u00eda con su patr\u00f3n a trabajar a la ciudad de Teziutl\u00e1n, estado de Puebla.<\/p>\n\n\n\n<p>Dos d\u00edas despu\u00e9s, el lunes, llam\u00f3 a sus parientes para decirles que se encontraba en el municipio de Jalacingo, a 80 kil\u00f3metros de la capital del estado.<\/p>\n\n\n\n<p>Sin embargo, desde entonces, se perdi\u00f3 toda comunicaci\u00f3n con ella. La han llamado una y otra vez a su celular, pero no responde.<\/p>\n\n\n\n<p>Por tal motivo, sus familiares acudieron a la Fiscal\u00eda General del Estado (FGE) para presentar la denuncia correspondiente, luego de haber visitado el lugar donde la joven hab\u00eda dicho que trabajaba y donde les informaron que no la conoc\u00edan.<\/p>\n\n\n\n<p>Onixa vive con sus abuelos. Este a\u00f1o decidi\u00f3 no inscribirse en la escuela preparatoria para ayudarlos con los gastos del hogar.<\/p>\n\n\n\n<p>Su t\u00eda menciona que hasta ahorita no hay informaci\u00f3n sobre su paradero.<\/p>\n\n\n\n<p>\u201cEl negocio donde empez\u00f3 a trabajar no tiene nombre, est\u00e1 en el centro de Mart\u00ednez de la Torre, ah\u00ed va la gente que trabaja, entra, le dan productos, se salen a vender y luego regresan a entregar cuentas, no hay letreros, no nos dicen c\u00f3mo se llama el patr\u00f3n, no nos dicen nada\u201d, comenta.<\/p>\n\n\n\n<p>La menor inici\u00f3 como vendedora de productos vitam\u00ednicos en agosto pasado. Ofrec\u00eda pastilla de complejo B, vitamina C y otra mercanc\u00eda.<\/p>\n\n\n\n<p>El establecimiento no tiene nombre y los familiares de Onixa no han podido localizar al due\u00f1o del negocio.<\/p>\n\n\n\n<p>\u201cEl se\u00f1or tiene un negocio, pero se las llevaba a distintos lugares a trabajar, para promocionar el producto, siempre regresaban el mismo d\u00eda y esta es la primera vez que se las llevaba fuera\u201d, menciona.<\/p>\n\n\n\n<p>Sus familiares est\u00e1n muy preocupados por la menor. Las autoridades a\u00fan no les informan sobre ning\u00fan avance en las investigaciones.<\/p>\n\n\n\n<p>Por tal motivo, sus parientes contin\u00faan intentando localizarla y proporcionan los n\u00fameros telef\u00f3nicos 2311630165 y 2321559954, para recibir informaci\u00f3n sobre su paradero.<\/p>\n","protected":false},"excerpt":{"rendered":"<p>Juan Arcos Xalapa, Ver.- Onixa Azeneth Armenta Hernandez, de 17 a\u00f1os, sali\u00f3 de su casa en el municipio de Mart\u00ednez de la Torre, el pasado s\u00e1bado 19 de septiembre, y ya no volvi\u00f3. La menor hab\u00eda informado a sus familiares que ir\u00eda con su patr\u00f3n a trabajar a la ciudad de Teziutl\u00e1n, estado de Puebla. [&hellip;]<\/p>\n","protected":false},"author":1,"featured_media":6169,"comment_status":"open","ping_status":"open","sticky":false,"template":"","format":"standard","meta":{"_jetpack_memberships_contains_paid_content":false,"footnotes":""},"categories":[2],"tags":[],"class_list":["post-6168","post","type-post","status-publish","format-standard","has-post-thumbnail","hentry","category-estado"],"jetpack_featured_media_url":"https:\/\/encuentroinformativo.com.mx\/wp-content\/uploads\/2020\/09\/75EA059E-D267-455D-A768-516876A043B5.jpeg","jetpack_sharing_enabled":true,"jetpack_likes_enabled":true,"amp_enabled":true,"_links":{"self":[{"href":"https:\/\/encuentroinformativo.com.mx\/index.php?rest_route=\/wp\/v2\/posts\/6168","targetHints":{"allow":["GET"]}}],"collection":[{"href":"https:\/\/encuentroinformativo.com.mx\/index.php?rest_route=\/wp\/v2\/posts"}],"about":[{"href":"https:\/\/encuentroinformativo.com.mx\/index.php?rest_route=\/wp\/v2\/types\/post"}],"author":[{"embeddable":true,"href":"https:\/\/encuentroinformativo.com.mx\/index.php?rest_route=\/wp\/v2\/users\/1"}],"replies":[{"embeddable":true,"href":"https:\/\/encuentroinformativo.com.mx\/index.php?rest_route=%2Fwp%2Fv2%2Fcomments&post=6168"}],"version-history":[{"count":1,"href":"https:\/\/encuentroinformativo.com.mx\/index.php?rest_route=\/wp\/v2\/posts\/6168\/revisions"}],"predecessor-version":[{"id":6170,"href":"https:\/\/encuentroinformativo.com.mx\/index.php?rest_route=\/wp\/v2\/posts\/6168\/revisions\/6170"}],"wp:featuredmedia":[{"embeddable":true,"href":"https:\/\/encuentroinformativo.com.mx\/index.php?rest_route=\/wp\/v2\/media\/6169"}],"wp:attachment":[{"href":"https:\/\/encuentroinformativo.com.mx\/index.php?rest_route=%2Fwp%2Fv2%2Fmedia&parent=6168"}],"wp:term":[{"taxonomy":"category","embeddable":true,"href":"https:\/\/encuentroinformativo.com.mx\/index.php?rest_route=%2Fwp%2Fv2%2Fcategories&post=6168"},{"taxonomy":"post_tag","embeddable":true,"href":"https:\/\/encuentroinformativo.com.mx\/index.php?rest_route=%2Fwp%2Fv2%2Ftags&post=6168"}],"curies":[{"name":"wp","href":"https:\/\/api.w.org\/{rel}","templated":true}]}}