{"id":61684,"date":"2024-12-07T15:59:08","date_gmt":"2024-12-07T21:59:08","guid":{"rendered":"https:\/\/encuentroinformativo.com.mx\/?p=61684"},"modified":"2024-12-07T15:59:16","modified_gmt":"2024-12-07T21:59:16","slug":"con-marcha-piden-mayor-inclusion-laboral-para-personas-con-discapacidad","status":"publish","type":"post","link":"https:\/\/encuentroinformativo.com.mx\/?p=61684","title":{"rendered":"Con marcha, piden mayor inclusi\u00f3n laboral para personas con discapacidad"},"content":{"rendered":"\n<p><strong>Dar\u00edo Pale <\/strong><\/p>\n\n\n\n<p>Xalapa, Ver.- Tal y como lo hab\u00edan anunciado el d\u00eda de hoy personas con alguna discapacidad marcharon por las principales calles del centro de Xalapa para pedir adem\u00e1s de la inclusi\u00f3n laboral, adecuaciones a la infraestructura urbana en las ciudades.<\/p>\n\n\n\n<p>Integrantes del Movimiento de Personas con Discapacidad en Xalapa realizaron una marcha este s\u00e1bado para pedir adem\u00e1s de la inclusi\u00f3n laboral, adecuaciones a la infraestructura urbana en las ciudades y que se visibilice y sensibilice la poblaci\u00f3n respecto a sus necesidades, as\u00ed lo dio a conocer Ana Paola Morgado Luna, integrante de dicho movimiento.<\/p>\n\n\n\n<p>Aseguraron que la poblaci\u00f3n con discapacidad que realiza estudios profesionales va en aumento, por ello pugnan por m\u00e1s oportunidades laborales y que se dejen atr\u00e1s los prejuicios de que son poco productivas o capaces.<\/p>\n\n\n\n<p>\u201cHay muchos estudiantes con discapacidad ahorita en la universidad en varias universidades, creo que el punto es saber que podemos brincar al espacio laboral sin ninguna preocupaci\u00f3n extra, m\u00e1s all\u00e1 de preocuparnos por nuestro curriculum\u201d dijo.<\/p>\n\n\n\n<p>Por \u00faltimo cabe se\u00f1alar que la marcha parti\u00f3 del Teatro del Estado hacia el Parque Ju\u00e1rez, donde se reunieron para dar un mensaje por la inclusi\u00f3n en el marco del D\u00eda Internacional de las Personas con Discapacidad.<\/p>\n\n\n\n<figure class=\"wp-block-image size-large\"><img loading=\"lazy\" decoding=\"async\" width=\"1024\" height=\"576\" src=\"https:\/\/encuentroinformativo.com.mx\/wp-content\/uploads\/2024\/12\/1000437874-1024x576.jpg\" alt=\"\" class=\"wp-image-61687\" srcset=\"https:\/\/encuentroinformativo.com.mx\/wp-content\/uploads\/2024\/12\/1000437874-1024x576.jpg 1024w, https:\/\/encuentroinformativo.com.mx\/wp-content\/uploads\/2024\/12\/1000437874-300x169.jpg 300w, https:\/\/encuentroinformativo.com.mx\/wp-content\/uploads\/2024\/12\/1000437874-768x432.jpg 768w, https:\/\/encuentroinformativo.com.mx\/wp-content\/uploads\/2024\/12\/1000437874.jpg 1280w\" sizes=\"auto, (max-width: 1024px) 100vw, 1024px\" \/><\/figure>\n\n\n\n<figure class=\"wp-block-image size-large\"><img loading=\"lazy\" decoding=\"async\" width=\"1024\" height=\"768\" src=\"https:\/\/encuentroinformativo.com.mx\/wp-content\/uploads\/2024\/12\/IMG-20241207-WA0043-1024x768.jpg\" alt=\"\" class=\"wp-image-61685\" srcset=\"https:\/\/encuentroinformativo.com.mx\/wp-content\/uploads\/2024\/12\/IMG-20241207-WA0043-1024x768.jpg 1024w, https:\/\/encuentroinformativo.com.mx\/wp-content\/uploads\/2024\/12\/IMG-20241207-WA0043-300x225.jpg 300w, https:\/\/encuentroinformativo.com.mx\/wp-content\/uploads\/2024\/12\/IMG-20241207-WA0043-768x576.jpg 768w, https:\/\/encuentroinformativo.com.mx\/wp-content\/uploads\/2024\/12\/IMG-20241207-WA0043.jpg 1280w\" sizes=\"auto, (max-width: 1024px) 100vw, 1024px\" \/><\/figure>\n","protected":false},"excerpt":{"rendered":"<p>Dar\u00edo Pale Xalapa, Ver.- Tal y como lo hab\u00edan anunciado el d\u00eda de hoy personas con alguna discapacidad marcharon por las principales calles del centro de Xalapa para pedir adem\u00e1s de la inclusi\u00f3n laboral, adecuaciones a la infraestructura urbana en las ciudades. Integrantes del Movimiento de Personas con Discapacidad en Xalapa realizaron una marcha este [&hellip;]<\/p>\n","protected":false},"author":2476,"featured_media":61686,"comment_status":"open","ping_status":"open","sticky":false,"template":"","format":"standard","meta":{"_jetpack_memberships_contains_paid_content":false,"footnotes":""},"categories":[3],"tags":[],"class_list":["post-61684","post","type-post","status-publish","format-standard","has-post-thumbnail","hentry","category-xalapa"],"jetpack_featured_media_url":"https:\/\/encuentroinformativo.com.mx\/wp-content\/uploads\/2024\/12\/IMG-20241207-WA0038.jpg","jetpack_sharing_enabled":true,"jetpack_likes_enabled":true,"amp_enabled":true,"_links":{"self":[{"href":"https:\/\/encuentroinformativo.com.mx\/index.php?rest_route=\/wp\/v2\/posts\/61684","targetHints":{"allow":["GET"]}}],"collection":[{"href":"https:\/\/encuentroinformativo.com.mx\/index.php?rest_route=\/wp\/v2\/posts"}],"about":[{"href":"https:\/\/encuentroinformativo.com.mx\/index.php?rest_route=\/wp\/v2\/types\/post"}],"author":[{"embeddable":true,"href":"https:\/\/encuentroinformativo.com.mx\/index.php?rest_route=\/wp\/v2\/users\/2476"}],"replies":[{"embeddable":true,"href":"https:\/\/encuentroinformativo.com.mx\/index.php?rest_route=%2Fwp%2Fv2%2Fcomments&post=61684"}],"version-history":[{"count":1,"href":"https:\/\/encuentroinformativo.com.mx\/index.php?rest_route=\/wp\/v2\/posts\/61684\/revisions"}],"predecessor-version":[{"id":61688,"href":"https:\/\/encuentroinformativo.com.mx\/index.php?rest_route=\/wp\/v2\/posts\/61684\/revisions\/61688"}],"wp:featuredmedia":[{"embeddable":true,"href":"https:\/\/encuentroinformativo.com.mx\/index.php?rest_route=\/wp\/v2\/media\/61686"}],"wp:attachment":[{"href":"https:\/\/encuentroinformativo.com.mx\/index.php?rest_route=%2Fwp%2Fv2%2Fmedia&parent=61684"}],"wp:term":[{"taxonomy":"category","embeddable":true,"href":"https:\/\/encuentroinformativo.com.mx\/index.php?rest_route=%2Fwp%2Fv2%2Fcategories&post=61684"},{"taxonomy":"post_tag","embeddable":true,"href":"https:\/\/encuentroinformativo.com.mx\/index.php?rest_route=%2Fwp%2Fv2%2Ftags&post=61684"}],"curies":[{"name":"wp","href":"https:\/\/api.w.org\/{rel}","templated":true}]}}