{"id":61703,"date":"2024-12-08T15:44:07","date_gmt":"2024-12-08T21:44:07","guid":{"rendered":"https:\/\/encuentroinformativo.com.mx\/?p=61703"},"modified":"2024-12-08T15:44:12","modified_gmt":"2024-12-08T21:44:12","slug":"el-despojo-no-entiende-de-disculpas","status":"publish","type":"post","link":"https:\/\/encuentroinformativo.com.mx\/?p=61703","title":{"rendered":"El despojo no entiende de disculpas"},"content":{"rendered":"\n<p><strong>Columna de Opini\u00f3n<\/strong><\/p>\n\n\n\n<p><strong>Zaira Rosas<\/strong><\/p>\n\n\n\n<p>A lo largo de los a\u00f1os la moda ha sido un s\u00edmbolo de expresi\u00f3n, pero en ocasiones tambi\u00e9n de opresi\u00f3n, principalmente cuando grandes casas de dise\u00f1o se apropian de la cultura de otras regiones sin siquiera dar cr\u00e9dito a quienes les han robado su creatividad y con ello las ra\u00edces que hay detr\u00e1s.<\/p>\n\n\n\n<p>Hacer yoga sin entender la profundidad de su ideolog\u00eda, peinarse como una mujer afroamericana siendo de piel blanca, usar bordados o textiles sin entender el significado es justo lo que se conoce como apropiaci\u00f3n cultural. El concepto es claro, se trata de un fen\u00f3meno donde alguien se adue\u00f1a de los elementos de una cultura sin respetar el contexto original o devolver el valor a los propietarios.<\/p>\n\n\n\n<p>Es fundamental entender lo anterior, porque, aunque pareciera inofensivo hacer mezclas o fusiones de nuevos elementos, si no se tiene la humildad de entender el origen de las culturas, usos, formas y costumbres, entonces estamos haciendo un despojo de toda su cosmovisi\u00f3n.<\/p>\n\n\n\n<p>Precisamente este despojo se presenta con frecuencia por tendencias, donde en un supuesto intento de apreciaci\u00f3n cultural y de poner en com\u00fan el patrimonio de la humanidad, se termina demeritando todo un proceso hist\u00f3rico, un claro ejemplo lo acaba de vivir la dise\u00f1adora Aniz Samanez al igual que Jos\u00e9 Forteza, quienes hablando en un seminario que buscaba posicionar la moda sustentable, terminaron en declaraciones sumamente ofensivas hacia comunidades ind\u00edgenas de Per\u00fa.<\/p>\n\n\n\n<p>La dise\u00f1adora se\u00f1alaba que ten\u00eda el mismo derecho de aprender sobre la cultura de la comunidad Shipiba simplemente porque tambi\u00e9n es peruana, hasta que en redes sociales le hicieron ver que su privilegio no le permit\u00eda aprender mediante la debida humildad y el verdadero inter\u00e9s sobre todo el proceso y trabajo que hay detr\u00e1s pues la dise\u00f1adora cuestionaba hasta los precios que le ofrecieron para poder ense\u00f1arle todo sobre los tejidos de esta comunidad.<\/p>\n\n\n\n<p>Por su parte el director de la revista de moda m\u00e1s reconocida, Jos\u00e9 Forteza extern\u00f3 que todos tenemos ancestros comunes y que de no ser por la dise\u00f1adora las personas que se dedican a elaborar el trabajo artesanal \u201cseguir\u00edan muri\u00e9ndose de hambre\u201d.<\/p>\n\n\n\n<p>Ante declaraciones tan lamentables por parte de ambos personajes, se ofrecieron disculpas tard\u00edas al respecto, mismas que si bien son necesarias son insuficientes.<\/p>\n\n\n\n<p>Lo ocurrido es un ejemplo cotidiano de temas que no entendemos, de por qu\u00e9 preferimos la opresi\u00f3n y no el aprendizaje. Cuando se presentan estos sucesos son un reflejo del funcionamiento de nuestra sociedad, donde el privilegio nos nubla y nos olvidamos de la val\u00eda que tienen nuestras culturas.<\/p>\n\n\n\n<p>En efecto podr\u00edamos pensar en ancestros comunes, pero es fundamental entender el significado que otorgan a todo lo que hay alrededor de la elaboraci\u00f3n de un textil.<\/p>\n\n\n\n<p>Tan solo en M\u00e9xico detr\u00e1s de cada bordado que representa a las regiones de nuestro pa\u00eds, no solo se trata de ver figuras diversas, si no la representaci\u00f3n que hay detr\u00e1s, la comunidad que se forma para vivir estos aprendizajes. E incluso c\u00f3mo va transmiti\u00e9ndose de generaci\u00f3n en generaci\u00f3n.<\/p>\n\n\n\n<p>Alguna vez un se\u00f1or me compart\u00eda que cuando una lengua originaria se pierde rompe tambi\u00e9n con una manera distinta de entender el mundo, de ah\u00ed la importancia de entender y cuidar de nuestras ra\u00edces.<\/p>\n\n\n\n<p>El problema no est\u00e1 en fusionar la cultura, sino en disfrazar de apreciaci\u00f3n la apropiaci\u00f3n. Cuando hay respeto por el trabajo de otros, se estudia, se valora y se comprende. En cada artesan\u00eda no solo hay piezas de colecci\u00f3n, sino historias que relatan a\u00f1os de opresi\u00f3n y aprendizajes que deben posicionarse bajo nuevas miradas.<\/p>\n\n\n\n<p>Si verdaderamente queremos exaltar nuestras culturas, hag\u00e1moslo de la manera correcta, entendiendo sus territorios y contextos, respetando sus percepciones, relaciones y sobre todo sin aprovecharnos de su necesidad. Pues \u00bfde qu\u00e9 sirve conocer tanto de t\u00e9cnicas de desarrollo y crecimiento si las realizamos a trav\u00e9s del despojo y la opresi\u00f3n disfraz\u00e1ndolas de salvaci\u00f3n?<\/p>\n","protected":false},"excerpt":{"rendered":"<p>Columna de Opini\u00f3n Zaira Rosas A lo largo de los a\u00f1os la moda ha sido un s\u00edmbolo de expresi\u00f3n, pero en ocasiones tambi\u00e9n de opresi\u00f3n, principalmente cuando grandes casas de dise\u00f1o se apropian de la cultura de otras regiones sin siquiera dar cr\u00e9dito a quienes les han robado su creatividad y con ello las ra\u00edces [&hellip;]<\/p>\n","protected":false},"author":2476,"featured_media":387,"comment_status":"open","ping_status":"open","sticky":false,"template":"","format":"standard","meta":{"_jetpack_memberships_contains_paid_content":false,"footnotes":""},"categories":[11],"tags":[],"class_list":["post-61703","post","type-post","status-publish","format-standard","has-post-thumbnail","hentry","category-opinion"],"jetpack_featured_media_url":"https:\/\/encuentroinformativo.com.mx\/wp-content\/uploads\/2020\/03\/7CF8A22B-2764-47BE-8F7F-38FE9E5D6A2F.jpeg","jetpack_sharing_enabled":true,"jetpack_likes_enabled":true,"amp_enabled":true,"_links":{"self":[{"href":"https:\/\/encuentroinformativo.com.mx\/index.php?rest_route=\/wp\/v2\/posts\/61703","targetHints":{"allow":["GET"]}}],"collection":[{"href":"https:\/\/encuentroinformativo.com.mx\/index.php?rest_route=\/wp\/v2\/posts"}],"about":[{"href":"https:\/\/encuentroinformativo.com.mx\/index.php?rest_route=\/wp\/v2\/types\/post"}],"author":[{"embeddable":true,"href":"https:\/\/encuentroinformativo.com.mx\/index.php?rest_route=\/wp\/v2\/users\/2476"}],"replies":[{"embeddable":true,"href":"https:\/\/encuentroinformativo.com.mx\/index.php?rest_route=%2Fwp%2Fv2%2Fcomments&post=61703"}],"version-history":[{"count":1,"href":"https:\/\/encuentroinformativo.com.mx\/index.php?rest_route=\/wp\/v2\/posts\/61703\/revisions"}],"predecessor-version":[{"id":61704,"href":"https:\/\/encuentroinformativo.com.mx\/index.php?rest_route=\/wp\/v2\/posts\/61703\/revisions\/61704"}],"wp:featuredmedia":[{"embeddable":true,"href":"https:\/\/encuentroinformativo.com.mx\/index.php?rest_route=\/wp\/v2\/media\/387"}],"wp:attachment":[{"href":"https:\/\/encuentroinformativo.com.mx\/index.php?rest_route=%2Fwp%2Fv2%2Fmedia&parent=61703"}],"wp:term":[{"taxonomy":"category","embeddable":true,"href":"https:\/\/encuentroinformativo.com.mx\/index.php?rest_route=%2Fwp%2Fv2%2Fcategories&post=61703"},{"taxonomy":"post_tag","embeddable":true,"href":"https:\/\/encuentroinformativo.com.mx\/index.php?rest_route=%2Fwp%2Fv2%2Ftags&post=61703"}],"curies":[{"name":"wp","href":"https:\/\/api.w.org\/{rel}","templated":true}]}}