{"id":61719,"date":"2024-12-09T12:00:20","date_gmt":"2024-12-09T18:00:20","guid":{"rendered":"https:\/\/encuentroinformativo.com.mx\/?p=61719"},"modified":"2024-12-09T12:00:27","modified_gmt":"2024-12-09T18:00:27","slug":"fin-de-semana-de-fiestas-patronales-en-piedras-negras","status":"publish","type":"post","link":"https:\/\/encuentroinformativo.com.mx\/?p=61719","title":{"rendered":"Fin de semana de Fiestas Patronales en Piedras Negras"},"content":{"rendered":"\n<p><strong>Alejandro \u00c1vila<\/strong><\/p>\n\n\n\n<p>Tlalixcoyan, Ver.- El pasado fin de semana iniciaron las Fiestas Patronales en honor a la Virgen de la Inmaculada Concepci\u00f3n en Piedras Negras, localidad perteneciente al municipio de Tlalixcoyan.<\/p>\n\n\n\n<p>Los d\u00edas s\u00e1bado y domingo, desde muy temprano ciudadanos y alumnos de diferentes escuelas se dieron cita para realizar tapetes de aserrin con un gran colorido y hermosas figuras decorando as\u00ed las avenidas principales de la comunidad.<\/p>\n\n\n\n<p>Al t\u00e9rmino de esta elaboraci\u00f3n artesanal se ofici\u00f3 una misa en la iglesia cat\u00f3lica para posteriormente salir en un recorrido sobre las avenidas ya decoradas donde la Virgen de la Inmaculada Concepci\u00f3n pas\u00f3 en compa\u00f1\u00eda de feligreses, concluyendo con las tradicionales ma\u00f1anitas con m\u00fasica en vivo.<\/p>\n\n\n\n<p>Las fiestas patronales se llevar\u00e1n acabo del 07 al 12 de diciembre 2024.<\/p>\n\n\n\n<figure class=\"wp-block-image size-large\"><img loading=\"lazy\" decoding=\"async\" width=\"1024\" height=\"768\" src=\"https:\/\/encuentroinformativo.com.mx\/wp-content\/uploads\/2024\/12\/IMG-20241209-WA0025-1024x768.jpg\" alt=\"\" class=\"wp-image-61720\" srcset=\"https:\/\/encuentroinformativo.com.mx\/wp-content\/uploads\/2024\/12\/IMG-20241209-WA0025-1024x768.jpg 1024w, https:\/\/encuentroinformativo.com.mx\/wp-content\/uploads\/2024\/12\/IMG-20241209-WA0025-300x225.jpg 300w, https:\/\/encuentroinformativo.com.mx\/wp-content\/uploads\/2024\/12\/IMG-20241209-WA0025-768x576.jpg 768w, https:\/\/encuentroinformativo.com.mx\/wp-content\/uploads\/2024\/12\/IMG-20241209-WA0025-1536x1152.jpg 1536w, https:\/\/encuentroinformativo.com.mx\/wp-content\/uploads\/2024\/12\/IMG-20241209-WA0025.jpg 1600w\" sizes=\"auto, (max-width: 1024px) 100vw, 1024px\" \/><\/figure>\n","protected":false},"excerpt":{"rendered":"<p>Alejandro \u00c1vila Tlalixcoyan, Ver.- El pasado fin de semana iniciaron las Fiestas Patronales en honor a la Virgen de la Inmaculada Concepci\u00f3n en Piedras Negras, localidad perteneciente al municipio de Tlalixcoyan. Los d\u00edas s\u00e1bado y domingo, desde muy temprano ciudadanos y alumnos de diferentes escuelas se dieron cita para realizar tapetes de aserrin con un [&hellip;]<\/p>\n","protected":false},"author":2476,"featured_media":61718,"comment_status":"open","ping_status":"open","sticky":false,"template":"","format":"standard","meta":{"_jetpack_memberships_contains_paid_content":false,"footnotes":""},"categories":[2],"tags":[],"class_list":["post-61719","post","type-post","status-publish","format-standard","has-post-thumbnail","hentry","category-estado"],"jetpack_featured_media_url":"https:\/\/encuentroinformativo.com.mx\/wp-content\/uploads\/2024\/12\/IMG-20241209-WA0024.jpg","jetpack_sharing_enabled":true,"jetpack_likes_enabled":true,"amp_enabled":true,"_links":{"self":[{"href":"https:\/\/encuentroinformativo.com.mx\/index.php?rest_route=\/wp\/v2\/posts\/61719","targetHints":{"allow":["GET"]}}],"collection":[{"href":"https:\/\/encuentroinformativo.com.mx\/index.php?rest_route=\/wp\/v2\/posts"}],"about":[{"href":"https:\/\/encuentroinformativo.com.mx\/index.php?rest_route=\/wp\/v2\/types\/post"}],"author":[{"embeddable":true,"href":"https:\/\/encuentroinformativo.com.mx\/index.php?rest_route=\/wp\/v2\/users\/2476"}],"replies":[{"embeddable":true,"href":"https:\/\/encuentroinformativo.com.mx\/index.php?rest_route=%2Fwp%2Fv2%2Fcomments&post=61719"}],"version-history":[{"count":1,"href":"https:\/\/encuentroinformativo.com.mx\/index.php?rest_route=\/wp\/v2\/posts\/61719\/revisions"}],"predecessor-version":[{"id":61721,"href":"https:\/\/encuentroinformativo.com.mx\/index.php?rest_route=\/wp\/v2\/posts\/61719\/revisions\/61721"}],"wp:featuredmedia":[{"embeddable":true,"href":"https:\/\/encuentroinformativo.com.mx\/index.php?rest_route=\/wp\/v2\/media\/61718"}],"wp:attachment":[{"href":"https:\/\/encuentroinformativo.com.mx\/index.php?rest_route=%2Fwp%2Fv2%2Fmedia&parent=61719"}],"wp:term":[{"taxonomy":"category","embeddable":true,"href":"https:\/\/encuentroinformativo.com.mx\/index.php?rest_route=%2Fwp%2Fv2%2Fcategories&post=61719"},{"taxonomy":"post_tag","embeddable":true,"href":"https:\/\/encuentroinformativo.com.mx\/index.php?rest_route=%2Fwp%2Fv2%2Ftags&post=61719"}],"curies":[{"name":"wp","href":"https:\/\/api.w.org\/{rel}","templated":true}]}}