{"id":61736,"date":"2024-12-09T12:48:10","date_gmt":"2024-12-09T18:48:10","guid":{"rendered":"https:\/\/encuentroinformativo.com.mx\/?p=61736"},"modified":"2024-12-09T13:50:19","modified_gmt":"2024-12-09T19:50:19","slug":"en-el-tejar-vecinos-amarran-a-sujeto-que-intento-agredirlos-con-navaja","status":"publish","type":"post","link":"https:\/\/encuentroinformativo.com.mx\/?p=61736","title":{"rendered":"En El Tejar vecinos amarran a sujeto que intent\u00f3 agredirlos con navaja"},"content":{"rendered":"\n<p><strong>Alejandro \u00c1vila<\/strong><\/p>\n\n\n\n<p>Medell\u00edn de Bravo, Ver.- Este lunes en la colonia Villa de Guadalupe de la localidad de El Tejar en el municipio de Medell\u00edn de Bravo, un sujeto fue amarrado por sus vecinos tras intentar agredirlos con una navaja.<\/p>\n\n\n\n<p>El agresor identificado como Jos\u00e9 Antonio C.Y. ya tiene antecedentes de ser violento y agredir a sus vecinos, en esta ocasi\u00f3n avent\u00f3 piedras a una camioneta causando da\u00f1os en el parabrisas y l\u00e1mina, para despu\u00e9s sacar una navaja e intentar herir a otras vecinos, por lo que fue sometido y amarrado en la calle Morelos casi esquina Francisco Villa.<\/p>\n\n\n\n<p>Entre los testimonios de los vecinos, recuerdan las agresiones a mujeres y ni\u00f1os que pasan por esas calles, adem\u00e1s de aventar piedras a las casas y automoviles, el m\u00e1s reciente hace unas semanas que apedre\u00f3 un coche.<\/p>\n\n\n\n<p>Uno de los hechos m\u00e1s violentos fue en agosto de 2023, cuando machete\u00f3 a un vecino adulto mayor que falleci\u00f3 tiempo despues a causa de las lesiones.<\/p>\n\n\n\n<p>Otra de las quejas es que saca su bocina y pone m\u00fasica a todo volumen durante la noche y madrugada. Agregan los vecinos que tratan de no golpear al sujeto violento porque tiene problemas de colostom\u00eda y diabetes.<\/p>\n\n\n\n<p>Los afectados se\u00f1alan que han denunciado en repetidas ocasiones ante la Fiscal\u00eda, pero los polic\u00edas estatales se niegan a detenerlo y cuando se lo llevan enseguida lo sueltan.<\/p>\n\n\n\n<p>Cansados de las agresiones del individuo, y ante el peligro que lesione a alguien con el arma punzo cortante, este d\u00eda fue amarrado antes de que sucediera una desgracia.<\/p>\n\n\n\n<p>Finalmente acudi\u00f3 la Polic\u00eda Municipal, lo desamarr\u00f3, lo espos\u00f3 y se lo llev\u00f3; la parte afectada afirm\u00f3 que acudir\u00e1 a denunciar nuevamente ante la Fiscal\u00eda, ya que el sujeto hab\u00eda firmado ante la autoridad que no volver\u00eda a meterse con ellos; por lo que esperan ahora s\u00ed procedan contra \u00e9l y responda por los da\u00f1os causados al veh\u00edculo y por las agresiones.<\/p>\n","protected":false},"excerpt":{"rendered":"<p>Alejandro \u00c1vila Medell\u00edn de Bravo, Ver.- Este lunes en la colonia Villa de Guadalupe de la localidad de El Tejar en el municipio de Medell\u00edn de Bravo, un sujeto fue amarrado por sus vecinos tras intentar agredirlos con una navaja. El agresor identificado como Jos\u00e9 Antonio C.Y. ya tiene antecedentes de ser violento y agredir [&hellip;]<\/p>\n","protected":false},"author":2476,"featured_media":61737,"comment_status":"open","ping_status":"open","sticky":false,"template":"","format":"standard","meta":{"_jetpack_memberships_contains_paid_content":false,"footnotes":""},"categories":[2],"tags":[],"class_list":["post-61736","post","type-post","status-publish","format-standard","has-post-thumbnail","hentry","category-estado"],"jetpack_featured_media_url":"https:\/\/encuentroinformativo.com.mx\/wp-content\/uploads\/2024\/12\/IMG-20241209-WA0052.jpg","jetpack_sharing_enabled":true,"jetpack_likes_enabled":true,"amp_enabled":true,"_links":{"self":[{"href":"https:\/\/encuentroinformativo.com.mx\/index.php?rest_route=\/wp\/v2\/posts\/61736","targetHints":{"allow":["GET"]}}],"collection":[{"href":"https:\/\/encuentroinformativo.com.mx\/index.php?rest_route=\/wp\/v2\/posts"}],"about":[{"href":"https:\/\/encuentroinformativo.com.mx\/index.php?rest_route=\/wp\/v2\/types\/post"}],"author":[{"embeddable":true,"href":"https:\/\/encuentroinformativo.com.mx\/index.php?rest_route=\/wp\/v2\/users\/2476"}],"replies":[{"embeddable":true,"href":"https:\/\/encuentroinformativo.com.mx\/index.php?rest_route=%2Fwp%2Fv2%2Fcomments&post=61736"}],"version-history":[{"count":1,"href":"https:\/\/encuentroinformativo.com.mx\/index.php?rest_route=\/wp\/v2\/posts\/61736\/revisions"}],"predecessor-version":[{"id":61738,"href":"https:\/\/encuentroinformativo.com.mx\/index.php?rest_route=\/wp\/v2\/posts\/61736\/revisions\/61738"}],"wp:featuredmedia":[{"embeddable":true,"href":"https:\/\/encuentroinformativo.com.mx\/index.php?rest_route=\/wp\/v2\/media\/61737"}],"wp:attachment":[{"href":"https:\/\/encuentroinformativo.com.mx\/index.php?rest_route=%2Fwp%2Fv2%2Fmedia&parent=61736"}],"wp:term":[{"taxonomy":"category","embeddable":true,"href":"https:\/\/encuentroinformativo.com.mx\/index.php?rest_route=%2Fwp%2Fv2%2Fcategories&post=61736"},{"taxonomy":"post_tag","embeddable":true,"href":"https:\/\/encuentroinformativo.com.mx\/index.php?rest_route=%2Fwp%2Fv2%2Ftags&post=61736"}],"curies":[{"name":"wp","href":"https:\/\/api.w.org\/{rel}","templated":true}]}}