{"id":61739,"date":"2024-12-09T13:59:48","date_gmt":"2024-12-09T19:59:48","guid":{"rendered":"https:\/\/encuentroinformativo.com.mx\/?p=61739"},"modified":"2024-12-09T13:59:53","modified_gmt":"2024-12-09T19:59:53","slug":"cantan-la-rama-para-obtener-recursos-para-centro-de-atencion-multiple","status":"publish","type":"post","link":"https:\/\/encuentroinformativo.com.mx\/?p=61739","title":{"rendered":"Cantan &#8220;la rama&#8221; para obtener recursos para centro de atenci\u00f3n m\u00faltiple"},"content":{"rendered":"\n<p><strong>Dar\u00edo Pale<\/strong><\/p>\n\n\n\n<p>Xalapa, Ver.- Con la finalidad de obtener recursos para mejorar las condiciones de este plantel los alumnos y maestros del Centro de Atenci\u00f3n M\u00faltiple \u201cDr. Roberto Sol\u00eds Quiroga\u201d de Xalapa acudieron al palacio municipal de Xalapa a cantar la tradicional &#8220;rama&#8221;.<\/p>\n\n\n\n<p>En entrevista se\u00f1alaron que, actualmente dan atenci\u00f3n educativa a m\u00e1s de 70 alumnos con diferentes discapacidades desde preescolar, primaria, telesecundaria e imparten\u00a0 talleres de formaci\u00f3n laboral.<\/p>\n\n\n\n<p>Clara Carranza Pancardo, enlace a la inclusi\u00f3n laboral de este CAM ubicado en la calle Toluca casi esquina con Nuevo Le\u00f3n de la colonia Progreso explic\u00f3 que tanto la Secretar\u00eda de Educaci\u00f3n de Veracruz (SEV), como la Asociaci\u00f3n de Padres de Familia y los propios docentes y padres de familia deben invertir en las necesidades del plantel, pero no es suficiente.\u00a0<\/p>\n\n\n\n<p>Como ejemplo explic\u00f3 que recientemente recibieron a alumno con discapacidad visual y no cuentan con sistema Braille para\u00a0 lectura y escritura, ni rampas con\u00a0 se\u00f1alamientos adecuados.<\/p>\n\n\n\n<p>Ante el aumento de matr\u00edcula requieren de m\u00e1s aulas, adem\u00e1s del mantenimiento de las instalaciones de drenaje sanitario, instalaci\u00f3n el\u00e9ctrica y sanitarios.<\/p>\n\n\n\n<p>Finalmente cabe se\u00f1alar que en el palacio municipal fueron recibidos por el alcalde Alberto Islas Reyes.<\/p>\n","protected":false},"excerpt":{"rendered":"<p>Dar\u00edo Pale Xalapa, Ver.- Con la finalidad de obtener recursos para mejorar las condiciones de este plantel los alumnos y maestros del Centro de Atenci\u00f3n M\u00faltiple \u201cDr. Roberto Sol\u00eds Quiroga\u201d de Xalapa acudieron al palacio municipal de Xalapa a cantar la tradicional &#8220;rama&#8221;. En entrevista se\u00f1alaron que, actualmente dan atenci\u00f3n educativa a m\u00e1s de 70 [&hellip;]<\/p>\n","protected":false},"author":2476,"featured_media":61740,"comment_status":"open","ping_status":"open","sticky":false,"template":"","format":"standard","meta":{"_jetpack_memberships_contains_paid_content":false,"footnotes":""},"categories":[3],"tags":[],"class_list":["post-61739","post","type-post","status-publish","format-standard","has-post-thumbnail","hentry","category-xalapa"],"jetpack_featured_media_url":"https:\/\/encuentroinformativo.com.mx\/wp-content\/uploads\/2024\/12\/IMG-20241209-WA0050.jpg","jetpack_sharing_enabled":true,"jetpack_likes_enabled":true,"amp_enabled":true,"_links":{"self":[{"href":"https:\/\/encuentroinformativo.com.mx\/index.php?rest_route=\/wp\/v2\/posts\/61739","targetHints":{"allow":["GET"]}}],"collection":[{"href":"https:\/\/encuentroinformativo.com.mx\/index.php?rest_route=\/wp\/v2\/posts"}],"about":[{"href":"https:\/\/encuentroinformativo.com.mx\/index.php?rest_route=\/wp\/v2\/types\/post"}],"author":[{"embeddable":true,"href":"https:\/\/encuentroinformativo.com.mx\/index.php?rest_route=\/wp\/v2\/users\/2476"}],"replies":[{"embeddable":true,"href":"https:\/\/encuentroinformativo.com.mx\/index.php?rest_route=%2Fwp%2Fv2%2Fcomments&post=61739"}],"version-history":[{"count":1,"href":"https:\/\/encuentroinformativo.com.mx\/index.php?rest_route=\/wp\/v2\/posts\/61739\/revisions"}],"predecessor-version":[{"id":61741,"href":"https:\/\/encuentroinformativo.com.mx\/index.php?rest_route=\/wp\/v2\/posts\/61739\/revisions\/61741"}],"wp:featuredmedia":[{"embeddable":true,"href":"https:\/\/encuentroinformativo.com.mx\/index.php?rest_route=\/wp\/v2\/media\/61740"}],"wp:attachment":[{"href":"https:\/\/encuentroinformativo.com.mx\/index.php?rest_route=%2Fwp%2Fv2%2Fmedia&parent=61739"}],"wp:term":[{"taxonomy":"category","embeddable":true,"href":"https:\/\/encuentroinformativo.com.mx\/index.php?rest_route=%2Fwp%2Fv2%2Fcategories&post=61739"},{"taxonomy":"post_tag","embeddable":true,"href":"https:\/\/encuentroinformativo.com.mx\/index.php?rest_route=%2Fwp%2Fv2%2Ftags&post=61739"}],"curies":[{"name":"wp","href":"https:\/\/api.w.org\/{rel}","templated":true}]}}