{"id":6174,"date":"2020-09-25T15:05:37","date_gmt":"2020-09-25T20:05:37","guid":{"rendered":"https:\/\/encuentroinformativo.com.mx\/?p=6174"},"modified":"2020-09-26T02:21:00","modified_gmt":"2020-09-26T07:21:00","slug":"presentan-nueva-denuncia-contra-ex-comisionados-del-ivai","status":"publish","type":"post","link":"https:\/\/encuentroinformativo.com.mx\/?p=6174","title":{"rendered":"Presentan nueva denuncia contra ex comisionados del IVAI"},"content":{"rendered":"\n<p><strong>Juan Arcos <\/strong><\/p>\n\n\n\n<p>Xalapa, Ver.- Este viernes fue presentada una denuncia en la Fiscal\u00eda Especializada en Combate a la Corrupci\u00f3n por posibles hechos constitutivos de dicho delito al interior del Instituto Veracruzano de Acceso a la Informaci\u00f3n (IVAI), en la pasada administraci\u00f3n.<\/p>\n\n\n\n<p>La querella fue interpuesta por el secretario ejecutivo del IVAI y el director jur\u00eddico, Daniel Pereyra S\u00e1nchez y V\u00edctor Priego L\u00f3pez, respectivamente.<\/p>\n\n\n\n<p>Pereyra S\u00e1nchez indic\u00f3 que fueron detectadas inconsistencias financieras por un despacho externo. Se habla de un presunto uso indebido de recursos p\u00fablicos, determinados en el presupuesto autorizado por el Congreso del Estado.<\/p>\n\n\n\n<p>\u201cVenimos a presentar una denuncia contra los excomisionados del IVAI por presuntas irregularidades que se han detectado desde la llegada de los nuevos comisionados nombrados por el Congreso del Estado hace unos meses\u201d.<\/p>\n\n\n\n<p>Los hechos acontecieron de 2018 a marzo de este a\u00f1o, periodo en que estuvo al frente del IVAI, Yolli \u201cN\u201d, quien se encuentra presa en el penal de Pacho Viejo, municipio de Coatepec, por corrupci\u00f3n.<\/p>\n\n\n\n<p>El Secretario Ejecutivo se\u00f1al\u00f3 que en ese tiempo se realizaron indebidamente transferencias presupuestales de otros Cap\u00edtulos del Gasto al de Servicios Personales.<\/p>\n\n\n\n<p>A\u00f1adi\u00f3 que no se cuenta con evidencia documental del destino final de la econom\u00eda originada en el ejercicio fiscal 2018 por los montos no devengados.<\/p>\n\n\n\n<p>Adem\u00e1s, de que la administraci\u00f3n anterior hered\u00f3 en el IVAI un total de 13 laudos, cuatro de ellos en ejecuci\u00f3n, uno pag\u00e1ndose por un monto superior a los 3 millones de pesos, situaci\u00f3n que es considerada como un da\u00f1o patrimonial para el ente p\u00fablico.<\/p>\n\n\n\n<p>Pereyra S\u00e1nchez mencion\u00f3 que tambi\u00e9n se omiti\u00f3 el pago de impuestos federales y estatales, por lo que la deuda ahora asciende a 1.8 millones de pesos.<\/p>\n\n\n\n<p>Agreg\u00f3 que tampoco fue cubierto el pago de la renta en los a\u00f1os 2016 y 2017, por lo que se tiene una sentencia condenatoria de desalojo.<\/p>\n","protected":false},"excerpt":{"rendered":"<p>Juan Arcos Xalapa, Ver.- Este viernes fue presentada una denuncia en la Fiscal\u00eda Especializada en Combate a la Corrupci\u00f3n por posibles hechos constitutivos de dicho delito al interior del Instituto Veracruzano de Acceso a la Informaci\u00f3n (IVAI), en la pasada administraci\u00f3n. La querella fue interpuesta por el secretario ejecutivo del IVAI y el director jur\u00eddico, [&hellip;]<\/p>\n","protected":false},"author":1,"featured_media":6175,"comment_status":"open","ping_status":"open","sticky":false,"template":"","format":"standard","meta":{"_jetpack_memberships_contains_paid_content":false,"footnotes":""},"categories":[2],"tags":[],"class_list":["post-6174","post","type-post","status-publish","format-standard","has-post-thumbnail","hentry","category-estado"],"jetpack_featured_media_url":"https:\/\/encuentroinformativo.com.mx\/wp-content\/uploads\/2020\/09\/8DEE6EE4-AB4C-4250-A949-6F22708C5969.jpeg","jetpack_sharing_enabled":true,"jetpack_likes_enabled":true,"amp_enabled":true,"_links":{"self":[{"href":"https:\/\/encuentroinformativo.com.mx\/index.php?rest_route=\/wp\/v2\/posts\/6174","targetHints":{"allow":["GET"]}}],"collection":[{"href":"https:\/\/encuentroinformativo.com.mx\/index.php?rest_route=\/wp\/v2\/posts"}],"about":[{"href":"https:\/\/encuentroinformativo.com.mx\/index.php?rest_route=\/wp\/v2\/types\/post"}],"author":[{"embeddable":true,"href":"https:\/\/encuentroinformativo.com.mx\/index.php?rest_route=\/wp\/v2\/users\/1"}],"replies":[{"embeddable":true,"href":"https:\/\/encuentroinformativo.com.mx\/index.php?rest_route=%2Fwp%2Fv2%2Fcomments&post=6174"}],"version-history":[{"count":1,"href":"https:\/\/encuentroinformativo.com.mx\/index.php?rest_route=\/wp\/v2\/posts\/6174\/revisions"}],"predecessor-version":[{"id":6176,"href":"https:\/\/encuentroinformativo.com.mx\/index.php?rest_route=\/wp\/v2\/posts\/6174\/revisions\/6176"}],"wp:featuredmedia":[{"embeddable":true,"href":"https:\/\/encuentroinformativo.com.mx\/index.php?rest_route=\/wp\/v2\/media\/6175"}],"wp:attachment":[{"href":"https:\/\/encuentroinformativo.com.mx\/index.php?rest_route=%2Fwp%2Fv2%2Fmedia&parent=6174"}],"wp:term":[{"taxonomy":"category","embeddable":true,"href":"https:\/\/encuentroinformativo.com.mx\/index.php?rest_route=%2Fwp%2Fv2%2Fcategories&post=6174"},{"taxonomy":"post_tag","embeddable":true,"href":"https:\/\/encuentroinformativo.com.mx\/index.php?rest_route=%2Fwp%2Fv2%2Ftags&post=6174"}],"curies":[{"name":"wp","href":"https:\/\/api.w.org\/{rel}","templated":true}]}}