{"id":61745,"date":"2024-12-09T14:30:01","date_gmt":"2024-12-09T20:30:01","guid":{"rendered":"https:\/\/encuentroinformativo.com.mx\/?p=61745"},"modified":"2024-12-09T14:30:07","modified_gmt":"2024-12-09T20:30:07","slug":"desconoce-ople-presupuesto-requerido-para-elecciones-del-poder-judicial","status":"publish","type":"post","link":"https:\/\/encuentroinformativo.com.mx\/?p=61745","title":{"rendered":"Desconoce OPLE presupuesto requerido para elecciones del Poder Judicial"},"content":{"rendered":"\n<p><strong>Dar\u00edo Pale <\/strong><\/p>\n\n\n\n<p>Xalapa, Ver.- El proceso electoral para la renovaci\u00f3n del Poder Judicial del Estado a\u00fan no se ha definido, por lo tanto no saben cu\u00e1ntos cargos estar\u00e1n en juego ni tampoco cu\u00e1nto requerir\u00edan de presupuesto, as\u00ed lo dio a conocer la consejera presidenta del Organismo P\u00fablico Local Electoral (OPLE), Marisol Alicia Delgadillo Morales.<\/p>\n\n\n\n<p>En entrevista se\u00f1al\u00f3 que, &#8220;estaremos atentos a si se define. La reforma tiene que efectuarse porque tienen plazos conforme a la reforma constitucional federal\u201d.<\/p>\n\n\n\n<p>\u201cLo que tienen que definir es cu\u00e1ndo lo van a hacer, si ser\u00e1 este mismo a\u00f1o o si ser\u00e1 en una fecha distinta&#8221;, se\u00f1al\u00f3.<\/p>\n\n\n\n<p>Aclar\u00f3 que para saber si les dar\u00eda tiempo de organizar el proceso electoral para renovar al Poder Judicial de Veracruz, dijo que habr\u00eda que ver cu\u00e1ntos son los cargos que se estar\u00e1n renovando.<\/p>\n\n\n\n<p>&#8220;Est\u00e1n los magistrados, jueces, jueces municipales, entonces tendr\u00e1n que definir el alcance de la reforma y hasta que no tener claridad en ese tema, no podr\u00edamos decir y ni hablar de un tema de presupuesto porque no tendr\u00edamos la informaci\u00f3n, ser\u00eda irresponsable de mi parte&#8221;, coment\u00f3.<\/p>\n\n\n\n<p>Record\u00f3 que el proceso electoral para la renovaci\u00f3n del Poder Judicial de la Federaci\u00f3n corresponde al INE, es por ello que el d\u00eda de la jornada electoral local en Veracruz, instalar\u00e1n mesas independientes de las mesas de casilla que se instalar\u00e1n para la elecci\u00f3n de presidentes municipales.<\/p>\n\n\n\n<p>Record\u00f3 que se instalar\u00e1n 11 mil casillas en todo el Estado, pero para ese proceso electoral van junto con el INE porque a \u00e9ste le corresponde la capacitaci\u00f3n de los ciudadanos.<\/p>\n\n\n\n<p>Por \u00faltimo destac\u00f3 que el \u00f3rgano electoral local se enfocar\u00e1 en la capacitaci\u00f3n a los consejos municipales para que puedan realizar los c\u00f3mputos del proceso electoral local.<\/p>\n","protected":false},"excerpt":{"rendered":"<p>Dar\u00edo Pale Xalapa, Ver.- El proceso electoral para la renovaci\u00f3n del Poder Judicial del Estado a\u00fan no se ha definido, por lo tanto no saben cu\u00e1ntos cargos estar\u00e1n en juego ni tampoco cu\u00e1nto requerir\u00edan de presupuesto, as\u00ed lo dio a conocer la consejera presidenta del Organismo P\u00fablico Local Electoral (OPLE), Marisol Alicia Delgadillo Morales. En [&hellip;]<\/p>\n","protected":false},"author":2476,"featured_media":61746,"comment_status":"open","ping_status":"open","sticky":false,"template":"","format":"standard","meta":{"_jetpack_memberships_contains_paid_content":false,"footnotes":""},"categories":[2],"tags":[],"class_list":["post-61745","post","type-post","status-publish","format-standard","has-post-thumbnail","hentry","category-estado"],"jetpack_featured_media_url":"https:\/\/encuentroinformativo.com.mx\/wp-content\/uploads\/2024\/12\/IMG-20241209-WA0097.jpg","jetpack_sharing_enabled":true,"jetpack_likes_enabled":true,"amp_enabled":true,"_links":{"self":[{"href":"https:\/\/encuentroinformativo.com.mx\/index.php?rest_route=\/wp\/v2\/posts\/61745","targetHints":{"allow":["GET"]}}],"collection":[{"href":"https:\/\/encuentroinformativo.com.mx\/index.php?rest_route=\/wp\/v2\/posts"}],"about":[{"href":"https:\/\/encuentroinformativo.com.mx\/index.php?rest_route=\/wp\/v2\/types\/post"}],"author":[{"embeddable":true,"href":"https:\/\/encuentroinformativo.com.mx\/index.php?rest_route=\/wp\/v2\/users\/2476"}],"replies":[{"embeddable":true,"href":"https:\/\/encuentroinformativo.com.mx\/index.php?rest_route=%2Fwp%2Fv2%2Fcomments&post=61745"}],"version-history":[{"count":1,"href":"https:\/\/encuentroinformativo.com.mx\/index.php?rest_route=\/wp\/v2\/posts\/61745\/revisions"}],"predecessor-version":[{"id":61747,"href":"https:\/\/encuentroinformativo.com.mx\/index.php?rest_route=\/wp\/v2\/posts\/61745\/revisions\/61747"}],"wp:featuredmedia":[{"embeddable":true,"href":"https:\/\/encuentroinformativo.com.mx\/index.php?rest_route=\/wp\/v2\/media\/61746"}],"wp:attachment":[{"href":"https:\/\/encuentroinformativo.com.mx\/index.php?rest_route=%2Fwp%2Fv2%2Fmedia&parent=61745"}],"wp:term":[{"taxonomy":"category","embeddable":true,"href":"https:\/\/encuentroinformativo.com.mx\/index.php?rest_route=%2Fwp%2Fv2%2Fcategories&post=61745"},{"taxonomy":"post_tag","embeddable":true,"href":"https:\/\/encuentroinformativo.com.mx\/index.php?rest_route=%2Fwp%2Fv2%2Ftags&post=61745"}],"curies":[{"name":"wp","href":"https:\/\/api.w.org\/{rel}","templated":true}]}}