{"id":61748,"date":"2024-12-09T14:41:59","date_gmt":"2024-12-09T20:41:59","guid":{"rendered":"https:\/\/encuentroinformativo.com.mx\/?p=61748"},"modified":"2024-12-09T14:42:05","modified_gmt":"2024-12-09T20:42:05","slug":"educacion-y-seguridad-tendran-atencion-especial-en-presupuesto-esteban-bautista","status":"publish","type":"post","link":"https:\/\/encuentroinformativo.com.mx\/?p=61748","title":{"rendered":"Educaci\u00f3n y seguridad tendr\u00e1n atenci\u00f3n especial en presupuesto: Esteban Bautista"},"content":{"rendered":"\n<p><strong>Dar\u00edo Pale <\/strong><\/p>\n\n\n\n<p>Xalapa, Ver.- Habr\u00e1 especial atenci\u00f3n a las \u00e1reas como la agricultura, ganader\u00eda, educaci\u00f3n y seguridad p\u00fablica, tendr\u00e1n una atenci\u00f3n especial en el presupuesto del pr\u00f3ximo a\u00f1o, as\u00ed lo dio a conocer el presidente de la Junta de Coordinaci\u00f3n Pol\u00edtica (Jucopo) en el Congreso del Estado, Esteban Bautista Hern\u00e1ndez.<\/p>\n\n\n\n<p>En entrevista, expuso que este d\u00eda tienen reuni\u00f3n con el secretario de Finanzas y Planeaci\u00f3n, Miguel Reyes, as\u00ed como con la gobernadora Roc\u00edo Nahle.<\/p>\n\n\n\n<p>&#8220;Es un tema muy delicado el tema del presupuesto, porque todo mundo quiere aumento, todas las dependencias quieren aumento\u201d, coment\u00f3.<\/p>\n\n\n\n<p>\u201cEl Congreso va a manejar el mismo presupuesto que el a\u00f1o pasado. Estamos haciendo un an\u00e1lisis, pero parece que s\u00ed nos alcanza&#8221;, agreg\u00f3.<\/p>\n\n\n\n<p>El legislador de Morena reiter\u00f3 que la educaci\u00f3n ser\u00e1 una prioridad y en ese sentido, record\u00f3 que hace unos d\u00edas se reuni\u00f3 con el rector de la Universidad Veracruzana, Mart\u00edn Aguilar S\u00e1nchez.<\/p>\n\n\n\n<p>Indic\u00f3 que van a estudiar si podr\u00e1n darle a la Casa de Estudios el 4 por ciento del total del presupuesto estatal como lo marca la Constituci\u00f3n.<\/p>\n\n\n\n<p>Estim\u00f3 que la sesi\u00f3n para la aprobaci\u00f3n del presupuesto del 2025, ser\u00e1 antes del d\u00eda 20 de diciembre.<\/p>\n\n\n\n<p>Finalmente Bautista Hern\u00e1ndez insisti\u00f3 en que cuando se lleve a cabo la desaparici\u00f3n del Instituto Veracruzano de Acceso a la Informaci\u00f3n y Protecci\u00f3n de Datos Personales (IVAI) los recursos ser\u00e1n redistribuidos, pero no saben en d\u00f3nde y de qu\u00e9 forma.<\/p>\n","protected":false},"excerpt":{"rendered":"<p>Dar\u00edo Pale Xalapa, Ver.- Habr\u00e1 especial atenci\u00f3n a las \u00e1reas como la agricultura, ganader\u00eda, educaci\u00f3n y seguridad p\u00fablica, tendr\u00e1n una atenci\u00f3n especial en el presupuesto del pr\u00f3ximo a\u00f1o, as\u00ed lo dio a conocer el presidente de la Junta de Coordinaci\u00f3n Pol\u00edtica (Jucopo) en el Congreso del Estado, Esteban Bautista Hern\u00e1ndez. En entrevista, expuso que este [&hellip;]<\/p>\n","protected":false},"author":2476,"featured_media":61749,"comment_status":"open","ping_status":"open","sticky":false,"template":"","format":"standard","meta":{"_jetpack_memberships_contains_paid_content":false,"footnotes":""},"categories":[2],"tags":[],"class_list":["post-61748","post","type-post","status-publish","format-standard","has-post-thumbnail","hentry","category-estado"],"jetpack_featured_media_url":"https:\/\/encuentroinformativo.com.mx\/wp-content\/uploads\/2024\/12\/IMG-20241209-WA0092.jpg","jetpack_sharing_enabled":true,"jetpack_likes_enabled":true,"amp_enabled":true,"_links":{"self":[{"href":"https:\/\/encuentroinformativo.com.mx\/index.php?rest_route=\/wp\/v2\/posts\/61748","targetHints":{"allow":["GET"]}}],"collection":[{"href":"https:\/\/encuentroinformativo.com.mx\/index.php?rest_route=\/wp\/v2\/posts"}],"about":[{"href":"https:\/\/encuentroinformativo.com.mx\/index.php?rest_route=\/wp\/v2\/types\/post"}],"author":[{"embeddable":true,"href":"https:\/\/encuentroinformativo.com.mx\/index.php?rest_route=\/wp\/v2\/users\/2476"}],"replies":[{"embeddable":true,"href":"https:\/\/encuentroinformativo.com.mx\/index.php?rest_route=%2Fwp%2Fv2%2Fcomments&post=61748"}],"version-history":[{"count":1,"href":"https:\/\/encuentroinformativo.com.mx\/index.php?rest_route=\/wp\/v2\/posts\/61748\/revisions"}],"predecessor-version":[{"id":61750,"href":"https:\/\/encuentroinformativo.com.mx\/index.php?rest_route=\/wp\/v2\/posts\/61748\/revisions\/61750"}],"wp:featuredmedia":[{"embeddable":true,"href":"https:\/\/encuentroinformativo.com.mx\/index.php?rest_route=\/wp\/v2\/media\/61749"}],"wp:attachment":[{"href":"https:\/\/encuentroinformativo.com.mx\/index.php?rest_route=%2Fwp%2Fv2%2Fmedia&parent=61748"}],"wp:term":[{"taxonomy":"category","embeddable":true,"href":"https:\/\/encuentroinformativo.com.mx\/index.php?rest_route=%2Fwp%2Fv2%2Fcategories&post=61748"},{"taxonomy":"post_tag","embeddable":true,"href":"https:\/\/encuentroinformativo.com.mx\/index.php?rest_route=%2Fwp%2Fv2%2Ftags&post=61748"}],"curies":[{"name":"wp","href":"https:\/\/api.w.org\/{rel}","templated":true}]}}