{"id":61751,"date":"2024-12-09T15:10:49","date_gmt":"2024-12-09T21:10:49","guid":{"rendered":"https:\/\/encuentroinformativo.com.mx\/?p=61751"},"modified":"2024-12-09T15:10:54","modified_gmt":"2024-12-09T21:10:54","slug":"trabajadores-del-ivai-seran-reubicados-en-otras-dependencias","status":"publish","type":"post","link":"https:\/\/encuentroinformativo.com.mx\/?p=61751","title":{"rendered":"Trabajadores del IVAI ser\u00e1n reubicados en otras dependencias"},"content":{"rendered":"\n<p><strong>Dar\u00edo Pale <\/strong><\/p>\n\n\n\n<p>Xalapa, Ver.- Trabajadores del Instituto Veracruzano de Acceso a la Informaci\u00f3n y Protecci\u00f3n de Datos Personales (IVAI), se ir\u00e1n a la Contralor\u00eda General del Estado (CGE), al Organismo P\u00fablico Local Electoral (OPLE) y al Congreso del Estado.<\/p>\n\n\n\n<p>En entrevista el comisionado presidente del IVAI, David Agust\u00edn Jim\u00e9nez Rojas, precis\u00f3 que tras la desaparici\u00f3n del \u00f3rgano garante, los trabajadores ser\u00e1n incorporados por la Contralor\u00eda General del Estado, el OPLE y el Congreso del Estado, ya que son cien trabajadores, de los cuales 80 pasar\u00edan a dichas instituciones.<\/p>\n\n\n\n<p>Resalt\u00f3 que al igual que sucedi\u00f3 a nivel federal tras la desaparici\u00f3n del Instituto Nacional de Transparencia, Acceso a la Informaci\u00f3n y Protecci\u00f3n de Datos Personales (INAI) en Veracruz\u00a0 pasar\u00e1n a la funci\u00f3n p\u00fablica los extrabajadores.<\/p>\n\n\n\n<p>Aclar\u00f3 que todav\u00eda no hay una propuesta para la desaparici\u00f3n del \u00f3rgano garante y se tendr\u00eda que platicar con los diputados locales.<\/p>\n\n\n\n<p>Mientras tanto el IVAI est\u00e1 trabajando de manera normal, incluso para este martes tienen previsto sesionar, para resolver diversos recursos de revisi\u00f3n promovidos por la ciudadan\u00eda.<\/p>\n\n\n\n<p>Indic\u00f3 que el IVAI no cuenta con rezago, pero s\u00ed con una alta carga de trabajo, pues al ser el cierre de la administraci\u00f3n estatal, creci\u00f3 el n\u00famero de solicitudes de informaci\u00f3n, as\u00ed como de los recursos de revisi\u00f3n.<\/p>\n\n\n\n<p>Puntualiz\u00f3 que de manera normal, resuelven un aproximado de 150 expedientes cada 2 semanas, y en este momento est\u00e1n resolviendo hasta 300 expedientes semanales.<\/p>\n\n\n\n<p>Por ello, mientras se define la situaci\u00f3n jur\u00eddica del Instituto no se ha dejado de laborar de manera normal.<\/p>\n\n\n\n<p>Por \u00faltimo agreg\u00f3 que corresponder\u00e1 al Congreso del Estado determinar lo conducente, pero en caso de desaparecer, parte del personal se ir\u00eda al OPLE, en lo que hace a la informaci\u00f3n que se maneja de partidos pol\u00edticos; algunos m\u00e1s tendr\u00edan que ser absorbidos por la Legislatura y la mayor parte por la Contralor\u00eda General.<\/p>\n","protected":false},"excerpt":{"rendered":"<p>Dar\u00edo Pale Xalapa, Ver.- Trabajadores del Instituto Veracruzano de Acceso a la Informaci\u00f3n y Protecci\u00f3n de Datos Personales (IVAI), se ir\u00e1n a la Contralor\u00eda General del Estado (CGE), al Organismo P\u00fablico Local Electoral (OPLE) y al Congreso del Estado. En entrevista el comisionado presidente del IVAI, David Agust\u00edn Jim\u00e9nez Rojas, precis\u00f3 que tras la desaparici\u00f3n [&hellip;]<\/p>\n","protected":false},"author":2476,"featured_media":61752,"comment_status":"open","ping_status":"open","sticky":false,"template":"","format":"standard","meta":{"_jetpack_memberships_contains_paid_content":false,"footnotes":""},"categories":[2],"tags":[],"class_list":["post-61751","post","type-post","status-publish","format-standard","has-post-thumbnail","hentry","category-estado"],"jetpack_featured_media_url":"https:\/\/encuentroinformativo.com.mx\/wp-content\/uploads\/2024\/12\/IMG-20241209-WA01042.jpg","jetpack_sharing_enabled":true,"jetpack_likes_enabled":true,"amp_enabled":true,"_links":{"self":[{"href":"https:\/\/encuentroinformativo.com.mx\/index.php?rest_route=\/wp\/v2\/posts\/61751","targetHints":{"allow":["GET"]}}],"collection":[{"href":"https:\/\/encuentroinformativo.com.mx\/index.php?rest_route=\/wp\/v2\/posts"}],"about":[{"href":"https:\/\/encuentroinformativo.com.mx\/index.php?rest_route=\/wp\/v2\/types\/post"}],"author":[{"embeddable":true,"href":"https:\/\/encuentroinformativo.com.mx\/index.php?rest_route=\/wp\/v2\/users\/2476"}],"replies":[{"embeddable":true,"href":"https:\/\/encuentroinformativo.com.mx\/index.php?rest_route=%2Fwp%2Fv2%2Fcomments&post=61751"}],"version-history":[{"count":1,"href":"https:\/\/encuentroinformativo.com.mx\/index.php?rest_route=\/wp\/v2\/posts\/61751\/revisions"}],"predecessor-version":[{"id":61753,"href":"https:\/\/encuentroinformativo.com.mx\/index.php?rest_route=\/wp\/v2\/posts\/61751\/revisions\/61753"}],"wp:featuredmedia":[{"embeddable":true,"href":"https:\/\/encuentroinformativo.com.mx\/index.php?rest_route=\/wp\/v2\/media\/61752"}],"wp:attachment":[{"href":"https:\/\/encuentroinformativo.com.mx\/index.php?rest_route=%2Fwp%2Fv2%2Fmedia&parent=61751"}],"wp:term":[{"taxonomy":"category","embeddable":true,"href":"https:\/\/encuentroinformativo.com.mx\/index.php?rest_route=%2Fwp%2Fv2%2Fcategories&post=61751"},{"taxonomy":"post_tag","embeddable":true,"href":"https:\/\/encuentroinformativo.com.mx\/index.php?rest_route=%2Fwp%2Fv2%2Ftags&post=61751"}],"curies":[{"name":"wp","href":"https:\/\/api.w.org\/{rel}","templated":true}]}}